{"id":114,"date":"2014-03-02T20:30:19","date_gmt":"2014-03-02T20:30:19","guid":{"rendered":"http:\/\/www.tenisparaciegos.org\/wp\/?p=114"},"modified":"2021-05-11T19:52:05","modified_gmt":"2021-05-11T22:52:05","slug":"exhibicion-en-el-dia-mundial-del-tenis","status":"publish","type":"post","link":"https:\/\/tenisparaciegos.ar\/ptca\/?p=114","title":{"rendered":"Exhibici\u00f3n en el D\u00eda Mundial del Tenis"},"content":{"rendered":"<p>02-03-2014<\/p>\n<p>Es un honor para todos los que formamos parte del PTCArgentina haber presentado nuestro programa en el D\u00eda Mundial del Tenis, abriendo la jornada por medio de una exhibici\u00f3n en la que contamos y mostramos brevemente nuestro trabajo.<\/p>\n<p><a title=\"Galer\u00eda de Fotos D\u00eda Mundial del Tenis\" href=\"https:\/\/www.flickr.com\/photos\/tenisparaciegos\/sets\/72157642314087793\/\" target=\"_blank\" rel=\"noopener\">Ver Galer\u00eda de Fotos<\/a><\/p>\n","protected":false},"excerpt":{"rendered":"<p>02-03-2014 Es un honor para todos los que formamos parte del PTCArgentina haber presentado nuestro programa en el D\u00eda Mundial del Tenis, abriendo la jornada por medio de una exhibici\u00f3n en la que contamos y mostramos brevemente nuestro trabajo. Ver Galer\u00eda de Fotos<\/p>\n","protected":false},"author":2,"featured_media":0,"comment_status":"closed","ping_status":"open","sticky":false,"template":"","format":"standard","meta":[],"categories":[1],"tags":[],"_links":{"self":[{"href":"https:\/\/tenisparaciegos.ar\/ptca\/index.php?rest_route=\/wp\/v2\/posts\/114"}],"collection":[{"href":"https:\/\/tenisparaciegos.ar\/ptca\/index.php?rest_route=\/wp\/v2\/posts"}],"about":[{"href":"https:\/\/tenisparaciegos.ar\/ptca\/index.php?rest_route=\/wp\/v2\/types\/post"}],"author":[{"embeddable":true,"href":"https:\/\/tenisparaciegos.ar\/ptca\/index.php?rest_route=\/wp\/v2\/users\/2"}],"replies":[{"embeddable":true,"href":"https:\/\/tenisparaciegos.ar\/ptca\/index.php?rest_route=%2Fwp%2Fv2%2Fcomments&post=114"}],"version-history":[{"count":1,"href":"https:\/\/tenisparaciegos.ar\/ptca\/index.php?rest_route=\/wp\/v2\/posts\/114\/revisions"}],"predecessor-version":[{"id":1403,"href":"https:\/\/tenisparaciegos.ar\/ptca\/index.php?rest_route=\/wp\/v2\/posts\/114\/revisions\/1403"}],"wp:attachment":[{"href":"https:\/\/tenisparaciegos.ar\/ptca\/index.php?rest_route=%2Fwp%2Fv2%2Fmedia&parent=114"}],"wp:term":[{"taxonomy":"category","embeddable":true,"href":"https:\/\/tenisparaciegos.ar\/ptca\/index.php?rest_route=%2Fwp%2Fv2%2Fcategories&post=114"},{"taxonomy":"post_tag","embeddable":true,"href":"https:\/\/tenisparaciegos.ar\/ptca\/index.php?rest_route=%2Fwp%2Fv2%2Ftags&post=114"}],"curies":[{"name":"wp","href":"https:\/\/api.w.org\/{rel}","templated":true}]}}