{"id":1345,"date":"2019-10-01T22:44:45","date_gmt":"2019-10-02T01:44:45","guid":{"rendered":"http:\/\/tenisparaciegos.ar\/ptca\/?p=1345"},"modified":"2021-05-12T13:12:05","modified_gmt":"2021-05-12T16:12:05","slug":"1-congreso-mundial-fiep-de-argentina","status":"publish","type":"post","link":"https:\/\/tenisparaciegos.ar\/ptca\/?p=1345","title":{"rendered":"1\u00b0 Congreso Mundial Fiep de Argentina"},"content":{"rendered":"\n<p>Un momento HIST\u00d3RICO! El Programa de Tenis para Ciegos y Disminuidos Visuales de ARGENTINA, lleg\u00f3 a lo m\u00e1s alto.<br>Muchas gracias a Jorge Berlotti y a Fabian Zer\u00f3n, por acompa\u00f1arme y ser parte de \u00e9ste equipo.<br>Muchas gracias FIEP Argentina, por la gran oportunidad.<br>Prof. Eduardo Raffetto<br>01.10.19<\/p>\n","protected":false},"excerpt":{"rendered":"<p>Un momento HIST\u00d3RICO! El Programa de Tenis para Ciegos y Disminuidos Visuales de ARGENTINA, lleg\u00f3 a lo m\u00e1s alto.Muchas gracias a Jorge Berlotti y a Fabian Zer\u00f3n, por acompa\u00f1arme y ser parte de \u00e9ste equipo.Muchas gracias FIEP Argentina, por la gran oportunidad.Prof. Eduardo Raffetto01.10.19<\/p>\n","protected":false},"author":2,"featured_media":1508,"comment_status":"open","ping_status":"open","sticky":false,"template":"","format":"standard","meta":[],"categories":[1],"tags":[],"_links":{"self":[{"href":"https:\/\/tenisparaciegos.ar\/ptca\/index.php?rest_route=\/wp\/v2\/posts\/1345"}],"collection":[{"href":"https:\/\/tenisparaciegos.ar\/ptca\/index.php?rest_route=\/wp\/v2\/posts"}],"about":[{"href":"https:\/\/tenisparaciegos.ar\/ptca\/index.php?rest_route=\/wp\/v2\/types\/post"}],"author":[{"embeddable":true,"href":"https:\/\/tenisparaciegos.ar\/ptca\/index.php?rest_route=\/wp\/v2\/users\/2"}],"replies":[{"embeddable":true,"href":"https:\/\/tenisparaciegos.ar\/ptca\/index.php?rest_route=%2Fwp%2Fv2%2Fcomments&post=1345"}],"version-history":[{"count":2,"href":"https:\/\/tenisparaciegos.ar\/ptca\/index.php?rest_route=\/wp\/v2\/posts\/1345\/revisions"}],"predecessor-version":[{"id":1390,"href":"https:\/\/tenisparaciegos.ar\/ptca\/index.php?rest_route=\/wp\/v2\/posts\/1345\/revisions\/1390"}],"wp:featuredmedia":[{"embeddable":true,"href":"https:\/\/tenisparaciegos.ar\/ptca\/index.php?rest_route=\/wp\/v2\/media\/1508"}],"wp:attachment":[{"href":"https:\/\/tenisparaciegos.ar\/ptca\/index.php?rest_route=%2Fwp%2Fv2%2Fmedia&parent=1345"}],"wp:term":[{"taxonomy":"category","embeddable":true,"href":"https:\/\/tenisparaciegos.ar\/ptca\/index.php?rest_route=%2Fwp%2Fv2%2Fcategories&post=1345"},{"taxonomy":"post_tag","embeddable":true,"href":"https:\/\/tenisparaciegos.ar\/ptca\/index.php?rest_route=%2Fwp%2Fv2%2Ftags&post=1345"}],"curies":[{"name":"wp","href":"https:\/\/api.w.org\/{rel}","templated":true}]}}