{"id":1349,"date":"2020-12-22T23:17:36","date_gmt":"2020-12-23T02:17:36","guid":{"rendered":"http:\/\/tenisparaciegos.ar\/ptca\/?p=1349"},"modified":"2021-05-12T13:04:21","modified_gmt":"2021-05-12T16:04:21","slug":"lanzamiento-de-programa-amba-de-tenis-para-ciegos-y-disminuidos-en-el-partido-de-lanus-provincia-de-buenos-aires","status":"publish","type":"post","link":"https:\/\/tenisparaciegos.ar\/ptca\/?p=1349","title":{"rendered":"Lanzamiento de Programa AMBA de Tenis para Ciegos y Disminuidos en el Partido de Lan\u00fas &#8211; Provincia de Buenos Aires"},"content":{"rendered":"\n<p>Realmente estamos FELICES por el GRAN paso que dimos con el Lanzamiento de Programa AMBA de Tenis para Ciegos y Disminuidos en el Partido de Lanus &#8211; Provincia de Buenos Aires. Muchas gracias a las autoridades de Desarrollo Social por apostar y valorar nuestra experiencia y profesionalismo. Muchas gracias a: Roberto Carlos Rivas Jugador ciego Nicolas Alberto Vargas Jugador disminuido visual Mariano Martinez Instructor Marina Vargas Asistente Sebastian Franco Asistente de log\u00edstica Autoridades de la AATC y al p\u00fablico que nos acompa\u00f1\u00f3 en el evento. Equipo AATC &#8211; PTCArgentina2021 &#8211; 10 A\u00d1OS <\/p>\n\n\n\n<p>Fotos gentiliza de: Federico Ignacio Giongrandi<\/p>\n\n\n\n<p>@ph.giongrandi<\/p>\n","protected":false},"excerpt":{"rendered":"<p>Realmente estamos FELICES por el GRAN paso que dimos con el Lanzamiento de Programa AMBA de Tenis para Ciegos y Disminuidos en el Partido de Lanus &#8211; Provincia de Buenos Aires. Muchas gracias a las autoridades de Desarrollo Social por apostar y valorar nuestra experiencia y profesionalismo. Muchas gracias a: Roberto Carlos Rivas Jugador ciego\u2026 <span class=\"read-more\"><a href=\"https:\/\/tenisparaciegos.ar\/ptca\/?p=1349\">Read More &raquo;<\/a><\/span><\/p>\n","protected":false},"author":2,"featured_media":1507,"comment_status":"open","ping_status":"open","sticky":false,"template":"","format":"standard","meta":[],"categories":[1],"tags":[],"_links":{"self":[{"href":"https:\/\/tenisparaciegos.ar\/ptca\/index.php?rest_route=\/wp\/v2\/posts\/1349"}],"collection":[{"href":"https:\/\/tenisparaciegos.ar\/ptca\/index.php?rest_route=\/wp\/v2\/posts"}],"about":[{"href":"https:\/\/tenisparaciegos.ar\/ptca\/index.php?rest_route=\/wp\/v2\/types\/post"}],"author":[{"embeddable":true,"href":"https:\/\/tenisparaciegos.ar\/ptca\/index.php?rest_route=\/wp\/v2\/users\/2"}],"replies":[{"embeddable":true,"href":"https:\/\/tenisparaciegos.ar\/ptca\/index.php?rest_route=%2Fwp%2Fv2%2Fcomments&post=1349"}],"version-history":[{"count":1,"href":"https:\/\/tenisparaciegos.ar\/ptca\/index.php?rest_route=\/wp\/v2\/posts\/1349\/revisions"}],"predecessor-version":[{"id":1350,"href":"https:\/\/tenisparaciegos.ar\/ptca\/index.php?rest_route=\/wp\/v2\/posts\/1349\/revisions\/1350"}],"wp:featuredmedia":[{"embeddable":true,"href":"https:\/\/tenisparaciegos.ar\/ptca\/index.php?rest_route=\/wp\/v2\/media\/1507"}],"wp:attachment":[{"href":"https:\/\/tenisparaciegos.ar\/ptca\/index.php?rest_route=%2Fwp%2Fv2%2Fmedia&parent=1349"}],"wp:term":[{"taxonomy":"category","embeddable":true,"href":"https:\/\/tenisparaciegos.ar\/ptca\/index.php?rest_route=%2Fwp%2Fv2%2Fcategories&post=1349"},{"taxonomy":"post_tag","embeddable":true,"href":"https:\/\/tenisparaciegos.ar\/ptca\/index.php?rest_route=%2Fwp%2Fv2%2Ftags&post=1349"}],"curies":[{"name":"wp","href":"https:\/\/api.w.org\/{rel}","templated":true}]}}