{"id":1351,"date":"2020-12-07T23:21:27","date_gmt":"2020-12-08T02:21:27","guid":{"rendered":"http:\/\/tenisparaciegos.ar\/ptca\/?p=1351"},"modified":"2021-05-12T13:11:24","modified_gmt":"2021-05-12T16:11:24","slug":"comenzamos-el-primer-curso-online-de-tenis-para-ciegos-y-disminuidos-visuales-en-argentina","status":"publish","type":"post","link":"https:\/\/tenisparaciegos.ar\/ptca\/?p=1351","title":{"rendered":"Comenzamos el PRIMER Curso Online de Tenis para Ciegos y Disminuidos Visuales en Argentina!"},"content":{"rendered":"\n<p>Comenzamos el PRIMER Curso Online de Tenis para Ciegos y Disminuidos Visuales en Argentina! Muchas gracias a cada uno de los alumnos y alumnas, que ya son parte de nuestra historia. Salta &#8211; Rio Negro &#8211; Buenos Aires empezamos a construir juntos un nuevo cap\u00edtulo en capacitaciones de alt\u00edsima calidad docente que ser\u00e1 el punta pie inicial en la creaci\u00f3n de nuevas escuelas. Equipo AATC | 2020 &#8211; 2021 &#8211; 10 A\u00d1OS<\/p>\n","protected":false},"excerpt":{"rendered":"<p>Comenzamos el PRIMER Curso Online de Tenis para Ciegos y Disminuidos Visuales en Argentina! Muchas gracias a cada uno de los alumnos y alumnas, que ya son parte de nuestra historia. Salta &#8211; Rio Negro &#8211; Buenos Aires empezamos a construir juntos un nuevo cap\u00edtulo en capacitaciones de alt\u00edsima calidad docente que ser\u00e1 el punta\u2026 <span class=\"read-more\"><a href=\"https:\/\/tenisparaciegos.ar\/ptca\/?p=1351\">Read More &raquo;<\/a><\/span><\/p>\n","protected":false},"author":2,"featured_media":1510,"comment_status":"open","ping_status":"open","sticky":false,"template":"","format":"standard","meta":[],"categories":[1],"tags":[],"_links":{"self":[{"href":"https:\/\/tenisparaciegos.ar\/ptca\/index.php?rest_route=\/wp\/v2\/posts\/1351"}],"collection":[{"href":"https:\/\/tenisparaciegos.ar\/ptca\/index.php?rest_route=\/wp\/v2\/posts"}],"about":[{"href":"https:\/\/tenisparaciegos.ar\/ptca\/index.php?rest_route=\/wp\/v2\/types\/post"}],"author":[{"embeddable":true,"href":"https:\/\/tenisparaciegos.ar\/ptca\/index.php?rest_route=\/wp\/v2\/users\/2"}],"replies":[{"embeddable":true,"href":"https:\/\/tenisparaciegos.ar\/ptca\/index.php?rest_route=%2Fwp%2Fv2%2Fcomments&post=1351"}],"version-history":[{"count":3,"href":"https:\/\/tenisparaciegos.ar\/ptca\/index.php?rest_route=\/wp\/v2\/posts\/1351\/revisions"}],"predecessor-version":[{"id":1385,"href":"https:\/\/tenisparaciegos.ar\/ptca\/index.php?rest_route=\/wp\/v2\/posts\/1351\/revisions\/1385"}],"wp:featuredmedia":[{"embeddable":true,"href":"https:\/\/tenisparaciegos.ar\/ptca\/index.php?rest_route=\/wp\/v2\/media\/1510"}],"wp:attachment":[{"href":"https:\/\/tenisparaciegos.ar\/ptca\/index.php?rest_route=%2Fwp%2Fv2%2Fmedia&parent=1351"}],"wp:term":[{"taxonomy":"category","embeddable":true,"href":"https:\/\/tenisparaciegos.ar\/ptca\/index.php?rest_route=%2Fwp%2Fv2%2Fcategories&post=1351"},{"taxonomy":"post_tag","embeddable":true,"href":"https:\/\/tenisparaciegos.ar\/ptca\/index.php?rest_route=%2Fwp%2Fv2%2Ftags&post=1351"}],"curies":[{"name":"wp","href":"https:\/\/api.w.org\/{rel}","templated":true}]}}