{"id":1464,"date":"2021-05-12T08:17:07","date_gmt":"2021-05-12T11:17:07","guid":{"rendered":"https:\/\/tenisparaciegos.ar\/ptca\/?p=1464"},"modified":"2021-05-12T12:51:21","modified_gmt":"2021-05-12T15:51:21","slug":"nuevo-curso","status":"publish","type":"post","link":"https:\/\/tenisparaciegos.ar\/ptca\/?p=1464","title":{"rendered":"Nuevo CURSO!"},"content":{"rendered":"\n<div class=\"wp-block-group\"><div class=\"wp-block-group__inner-container is-layout-flow\">\n<p class=\"has-text-align-left\"><strong>IMPORTANTE:<\/strong> todos los profes de tenis, educaci\u00f3n f\u00edsica, profesionales que trabajan en el \u00e1rea de la discapacidad, y toda persona que le interese \u00e9sta tem\u00e1tica, se VIENE un NUEVO curso, dictado por el PTCArgentina | Primer Programa de Ense\u00f1anza del Tenis para Ciegos de ARGENTINA<\/p>\n<\/div><\/div>\n\n\n\n<p>Para m\u00e1s informaci\u00f3n mandar mail a: <strong>capacitaciontenisparaciegos@gmail.com<\/strong><\/p>\n\n\n\n<p>Prof. Eduardo Raffetto y Equipo PTCArgentina<\/p>\n\n\n\n<p>+54.911.5407.7327<\/p>\n","protected":false},"excerpt":{"rendered":"<p>IMPORTANTE: todos los profes de tenis, educaci\u00f3n f\u00edsica, profesionales que trabajan en el \u00e1rea de la discapacidad, y toda persona que le interese \u00e9sta tem\u00e1tica, se VIENE un NUEVO curso, dictado por el PTCArgentina | Primer Programa de Ense\u00f1anza del Tenis para Ciegos de ARGENTINA Para m\u00e1s informaci\u00f3n mandar mail a: capacitaciontenisparaciegos@gmail.com Prof. Eduardo Raffetto\u2026 <span class=\"read-more\"><a href=\"https:\/\/tenisparaciegos.ar\/ptca\/?p=1464\">Read More &raquo;<\/a><\/span><\/p>\n","protected":false},"author":2,"featured_media":1503,"comment_status":"open","ping_status":"open","sticky":false,"template":"","format":"standard","meta":[],"categories":[1],"tags":[],"_links":{"self":[{"href":"https:\/\/tenisparaciegos.ar\/ptca\/index.php?rest_route=\/wp\/v2\/posts\/1464"}],"collection":[{"href":"https:\/\/tenisparaciegos.ar\/ptca\/index.php?rest_route=\/wp\/v2\/posts"}],"about":[{"href":"https:\/\/tenisparaciegos.ar\/ptca\/index.php?rest_route=\/wp\/v2\/types\/post"}],"author":[{"embeddable":true,"href":"https:\/\/tenisparaciegos.ar\/ptca\/index.php?rest_route=\/wp\/v2\/users\/2"}],"replies":[{"embeddable":true,"href":"https:\/\/tenisparaciegos.ar\/ptca\/index.php?rest_route=%2Fwp%2Fv2%2Fcomments&post=1464"}],"version-history":[{"count":4,"href":"https:\/\/tenisparaciegos.ar\/ptca\/index.php?rest_route=\/wp\/v2\/posts\/1464\/revisions"}],"predecessor-version":[{"id":1498,"href":"https:\/\/tenisparaciegos.ar\/ptca\/index.php?rest_route=\/wp\/v2\/posts\/1464\/revisions\/1498"}],"wp:featuredmedia":[{"embeddable":true,"href":"https:\/\/tenisparaciegos.ar\/ptca\/index.php?rest_route=\/wp\/v2\/media\/1503"}],"wp:attachment":[{"href":"https:\/\/tenisparaciegos.ar\/ptca\/index.php?rest_route=%2Fwp%2Fv2%2Fmedia&parent=1464"}],"wp:term":[{"taxonomy":"category","embeddable":true,"href":"https:\/\/tenisparaciegos.ar\/ptca\/index.php?rest_route=%2Fwp%2Fv2%2Fcategories&post=1464"},{"taxonomy":"post_tag","embeddable":true,"href":"https:\/\/tenisparaciegos.ar\/ptca\/index.php?rest_route=%2Fwp%2Fv2%2Ftags&post=1464"}],"curies":[{"name":"wp","href":"https:\/\/api.w.org\/{rel}","templated":true}]}}