{"id":1514,"date":"2021-05-12T13:30:39","date_gmt":"2021-05-12T16:30:39","guid":{"rendered":"https:\/\/tenisparaciegos.ar\/ptca\/?p=1514"},"modified":"2021-05-12T13:30:41","modified_gmt":"2021-05-12T16:30:41","slug":"escuela-de-caba-reencuentro","status":"publish","type":"post","link":"https:\/\/tenisparaciegos.ar\/ptca\/?p=1514","title":{"rendered":"Escuela de CABA, reencuentro."},"content":{"rendered":"\n<p>Que hermoso reencuentro. Parte de la escuela de Tenis para Ciegos y Disminuidos Visuales de Caba, estuvimos en el Jard\u00edn Japon\u00e9s de Buenos Aires reunidos con autoridades del mismo y gente querida que ojal\u00e1 est\u00e9n nuevamente junto a nosotros. Hay equipo para rato!<\/p>\n","protected":false},"excerpt":{"rendered":"<p>Que hermoso reencuentro. Parte de la escuela de Tenis para Ciegos y Disminuidos Visuales de Caba, estuvimos en el Jard\u00edn Japon\u00e9s de Buenos Aires reunidos con autoridades del mismo y gente querida que ojal\u00e1 est\u00e9n nuevamente junto a nosotros. Hay equipo para rato!<\/p>\n","protected":false},"author":2,"featured_media":1515,"comment_status":"open","ping_status":"open","sticky":false,"template":"","format":"standard","meta":[],"categories":[1],"tags":[],"_links":{"self":[{"href":"https:\/\/tenisparaciegos.ar\/ptca\/index.php?rest_route=\/wp\/v2\/posts\/1514"}],"collection":[{"href":"https:\/\/tenisparaciegos.ar\/ptca\/index.php?rest_route=\/wp\/v2\/posts"}],"about":[{"href":"https:\/\/tenisparaciegos.ar\/ptca\/index.php?rest_route=\/wp\/v2\/types\/post"}],"author":[{"embeddable":true,"href":"https:\/\/tenisparaciegos.ar\/ptca\/index.php?rest_route=\/wp\/v2\/users\/2"}],"replies":[{"embeddable":true,"href":"https:\/\/tenisparaciegos.ar\/ptca\/index.php?rest_route=%2Fwp%2Fv2%2Fcomments&post=1514"}],"version-history":[{"count":1,"href":"https:\/\/tenisparaciegos.ar\/ptca\/index.php?rest_route=\/wp\/v2\/posts\/1514\/revisions"}],"predecessor-version":[{"id":1516,"href":"https:\/\/tenisparaciegos.ar\/ptca\/index.php?rest_route=\/wp\/v2\/posts\/1514\/revisions\/1516"}],"wp:featuredmedia":[{"embeddable":true,"href":"https:\/\/tenisparaciegos.ar\/ptca\/index.php?rest_route=\/wp\/v2\/media\/1515"}],"wp:attachment":[{"href":"https:\/\/tenisparaciegos.ar\/ptca\/index.php?rest_route=%2Fwp%2Fv2%2Fmedia&parent=1514"}],"wp:term":[{"taxonomy":"category","embeddable":true,"href":"https:\/\/tenisparaciegos.ar\/ptca\/index.php?rest_route=%2Fwp%2Fv2%2Fcategories&post=1514"},{"taxonomy":"post_tag","embeddable":true,"href":"https:\/\/tenisparaciegos.ar\/ptca\/index.php?rest_route=%2Fwp%2Fv2%2Ftags&post=1514"}],"curies":[{"name":"wp","href":"https:\/\/api.w.org\/{rel}","templated":true}]}}