{"id":1536,"date":"2021-05-12T15:23:43","date_gmt":"2021-05-12T18:23:43","guid":{"rendered":"https:\/\/tenisparaciegos.ar\/ptca\/?p=1536"},"modified":"2021-05-12T15:31:18","modified_gmt":"2021-05-12T18:31:18","slug":"delpo-apoyando-al-ptcargentina","status":"publish","type":"post","link":"https:\/\/tenisparaciegos.ar\/ptca\/?p=1536","title":{"rendered":"Delpo apoyando al PTCArgentina"},"content":{"rendered":"\n<p>Juan Mart\u00edn del Potro apoyando y reconociendo el trabajo llevado a cabo por el PTCArgentina &#8211; Primer Programa de Ense\u00f1anza del Tenis para Ciegos y Disminuidos Visuales de ARGENTINA<\/p>\n\n\n\n<p>GRACIAS DELPO!<\/p>\n\n\n\n<p><strong>2011 &#8211; 2021 | 10 A\u00d1OS<\/strong><\/p>\n","protected":false},"excerpt":{"rendered":"<p>Juan Mart\u00edn del Potro apoyando y reconociendo el trabajo llevado a cabo por el PTCArgentina &#8211; Primer Programa de Ense\u00f1anza del Tenis para Ciegos y Disminuidos Visuales de ARGENTINA GRACIAS DELPO! 2011 &#8211; 2021 | 10 A\u00d1OS<\/p>\n","protected":false},"author":2,"featured_media":1538,"comment_status":"open","ping_status":"open","sticky":false,"template":"","format":"standard","meta":[],"categories":[1],"tags":[],"_links":{"self":[{"href":"https:\/\/tenisparaciegos.ar\/ptca\/index.php?rest_route=\/wp\/v2\/posts\/1536"}],"collection":[{"href":"https:\/\/tenisparaciegos.ar\/ptca\/index.php?rest_route=\/wp\/v2\/posts"}],"about":[{"href":"https:\/\/tenisparaciegos.ar\/ptca\/index.php?rest_route=\/wp\/v2\/types\/post"}],"author":[{"embeddable":true,"href":"https:\/\/tenisparaciegos.ar\/ptca\/index.php?rest_route=\/wp\/v2\/users\/2"}],"replies":[{"embeddable":true,"href":"https:\/\/tenisparaciegos.ar\/ptca\/index.php?rest_route=%2Fwp%2Fv2%2Fcomments&post=1536"}],"version-history":[{"count":1,"href":"https:\/\/tenisparaciegos.ar\/ptca\/index.php?rest_route=\/wp\/v2\/posts\/1536\/revisions"}],"predecessor-version":[{"id":1537,"href":"https:\/\/tenisparaciegos.ar\/ptca\/index.php?rest_route=\/wp\/v2\/posts\/1536\/revisions\/1537"}],"wp:featuredmedia":[{"embeddable":true,"href":"https:\/\/tenisparaciegos.ar\/ptca\/index.php?rest_route=\/wp\/v2\/media\/1538"}],"wp:attachment":[{"href":"https:\/\/tenisparaciegos.ar\/ptca\/index.php?rest_route=%2Fwp%2Fv2%2Fmedia&parent=1536"}],"wp:term":[{"taxonomy":"category","embeddable":true,"href":"https:\/\/tenisparaciegos.ar\/ptca\/index.php?rest_route=%2Fwp%2Fv2%2Fcategories&post=1536"},{"taxonomy":"post_tag","embeddable":true,"href":"https:\/\/tenisparaciegos.ar\/ptca\/index.php?rest_route=%2Fwp%2Fv2%2Ftags&post=1536"}],"curies":[{"name":"wp","href":"https:\/\/api.w.org\/{rel}","templated":true}]}}