{"id":154,"date":"2014-11-05T20:30:39","date_gmt":"2014-11-05T20:30:39","guid":{"rendered":"http:\/\/www.tenisparaciegos.org\/wp\/?p=154"},"modified":"2021-05-11T19:34:13","modified_gmt":"2021-05-11T22:34:13","slug":"un-dia-muy-especial-para-el-ptcargentina","status":"publish","type":"post","link":"https:\/\/tenisparaciegos.ar\/ptca\/?p=154","title":{"rendered":"Guillermo Vilas junto al PTCArgentina"},"content":{"rendered":"<p>05-11-2014<\/p>\n<p>Un d\u00eda muy especial para el PTCArgentina, un sue\u00f1o hecho realidad, con nosotros&#8230; GUILLERMO VILAS!!!<\/p>\n<p><a title=\"Galer\u00eda de Fotos Guillermo Vilas\" href=\"https:\/\/www.flickr.com\/photos\/tenisparaciegos\/sets\/72157648815866760\/\" target=\"_blank\" rel=\"noopener\">Ver Galer\u00eda de Fotos<\/a><\/p>\n<p><a href=\"https:\/\/www.youtube.com\/watch?v=FGTBtID7o_A&amp;list=PLDEqZ7mOlF2Tjak6deQqO82iWDEjJfpQ2&amp;index=2\">Ver Video<\/a><\/p>\n","protected":false},"excerpt":{"rendered":"<p>05-11-2014 Un d\u00eda muy especial para el PTCArgentina, un sue\u00f1o hecho realidad, con nosotros&#8230; GUILLERMO VILAS!!! Ver Galer\u00eda de Fotos Ver Video<\/p>\n","protected":false},"author":2,"featured_media":0,"comment_status":"closed","ping_status":"open","sticky":false,"template":"","format":"standard","meta":[],"categories":[1],"tags":[],"_links":{"self":[{"href":"https:\/\/tenisparaciegos.ar\/ptca\/index.php?rest_route=\/wp\/v2\/posts\/154"}],"collection":[{"href":"https:\/\/tenisparaciegos.ar\/ptca\/index.php?rest_route=\/wp\/v2\/posts"}],"about":[{"href":"https:\/\/tenisparaciegos.ar\/ptca\/index.php?rest_route=\/wp\/v2\/types\/post"}],"author":[{"embeddable":true,"href":"https:\/\/tenisparaciegos.ar\/ptca\/index.php?rest_route=\/wp\/v2\/users\/2"}],"replies":[{"embeddable":true,"href":"https:\/\/tenisparaciegos.ar\/ptca\/index.php?rest_route=%2Fwp%2Fv2%2Fcomments&post=154"}],"version-history":[{"count":2,"href":"https:\/\/tenisparaciegos.ar\/ptca\/index.php?rest_route=\/wp\/v2\/posts\/154\/revisions"}],"predecessor-version":[{"id":1336,"href":"https:\/\/tenisparaciegos.ar\/ptca\/index.php?rest_route=\/wp\/v2\/posts\/154\/revisions\/1336"}],"wp:attachment":[{"href":"https:\/\/tenisparaciegos.ar\/ptca\/index.php?rest_route=%2Fwp%2Fv2%2Fmedia&parent=154"}],"wp:term":[{"taxonomy":"category","embeddable":true,"href":"https:\/\/tenisparaciegos.ar\/ptca\/index.php?rest_route=%2Fwp%2Fv2%2Fcategories&post=154"},{"taxonomy":"post_tag","embeddable":true,"href":"https:\/\/tenisparaciegos.ar\/ptca\/index.php?rest_route=%2Fwp%2Fv2%2Ftags&post=154"}],"curies":[{"name":"wp","href":"https:\/\/api.w.org\/{rel}","templated":true}]}}