{"id":167,"date":"2014-10-15T20:30:12","date_gmt":"2014-10-15T20:30:12","guid":{"rendered":"http:\/\/www.tenisparaciegos.org\/wp\/?p=167"},"modified":"2021-05-11T21:01:03","modified_gmt":"2021-05-12T00:01:03","slug":"ptca-argentina-presente-en-el-dia-del-baston-blanco","status":"publish","type":"post","link":"https:\/\/tenisparaciegos.ar\/ptca\/?p=167","title":{"rendered":"El PTCArgentina Presente en el D\u00eda del Bast\u00f3n Blanco"},"content":{"rendered":"<p>15-10-2014<\/p>\n<p>PTCA Argentina Presente en el D\u00eda del Bast\u00f3n Blanco<br \/>Todos juntos podemos lograr grandes cosas!!!<\/p>\n<p><a title=\"Galer\u00eda D\u00eda del Bast\u00f3n Blanco\" href=\"https:\/\/www.flickr.com\/photos\/tenisparaciegos\/sets\/72157649002782462\/\" target=\"_blank\" rel=\"noopener\">Ver Galer\u00eda de Fotos<\/a><\/p>\n\n\n<p><\/p>\n","protected":false},"excerpt":{"rendered":"<p>15-10-2014 PTCA Argentina Presente en el D\u00eda del Bast\u00f3n BlancoTodos juntos podemos lograr grandes cosas!!! Ver Galer\u00eda de Fotos<\/p>\n","protected":false},"author":2,"featured_media":0,"comment_status":"closed","ping_status":"open","sticky":false,"template":"","format":"standard","meta":[],"categories":[1],"tags":[],"_links":{"self":[{"href":"https:\/\/tenisparaciegos.ar\/ptca\/index.php?rest_route=\/wp\/v2\/posts\/167"}],"collection":[{"href":"https:\/\/tenisparaciegos.ar\/ptca\/index.php?rest_route=\/wp\/v2\/posts"}],"about":[{"href":"https:\/\/tenisparaciegos.ar\/ptca\/index.php?rest_route=\/wp\/v2\/types\/post"}],"author":[{"embeddable":true,"href":"https:\/\/tenisparaciegos.ar\/ptca\/index.php?rest_route=\/wp\/v2\/users\/2"}],"replies":[{"embeddable":true,"href":"https:\/\/tenisparaciegos.ar\/ptca\/index.php?rest_route=%2Fwp%2Fv2%2Fcomments&post=167"}],"version-history":[{"count":3,"href":"https:\/\/tenisparaciegos.ar\/ptca\/index.php?rest_route=\/wp\/v2\/posts\/167\/revisions"}],"predecessor-version":[{"id":1444,"href":"https:\/\/tenisparaciegos.ar\/ptca\/index.php?rest_route=\/wp\/v2\/posts\/167\/revisions\/1444"}],"wp:attachment":[{"href":"https:\/\/tenisparaciegos.ar\/ptca\/index.php?rest_route=%2Fwp%2Fv2%2Fmedia&parent=167"}],"wp:term":[{"taxonomy":"category","embeddable":true,"href":"https:\/\/tenisparaciegos.ar\/ptca\/index.php?rest_route=%2Fwp%2Fv2%2Fcategories&post=167"},{"taxonomy":"post_tag","embeddable":true,"href":"https:\/\/tenisparaciegos.ar\/ptca\/index.php?rest_route=%2Fwp%2Fv2%2Ftags&post=167"}],"curies":[{"name":"wp","href":"https:\/\/api.w.org\/{rel}","templated":true}]}}