{"id":1698,"date":"2021-05-26T15:25:15","date_gmt":"2021-05-26T18:25:15","guid":{"rendered":"https:\/\/tenisparaciegos.ar\/ptca\/?p=1698"},"modified":"2021-05-26T15:43:06","modified_gmt":"2021-05-26T18:43:06","slug":"nota-en-la-tarde-esta-en-plenitud","status":"publish","type":"post","link":"https:\/\/tenisparaciegos.ar\/ptca\/?p=1698","title":{"rendered":"Nota en &#8220;La Tarde est\u00e1 en Plenitud&#8221;"},"content":{"rendered":"\n<p>Seguimos trabajando en la difusi\u00f3n de nuestro deporte el Tenis para Ciegos y Disminuidos Visuales.<\/p>\n\n\n\n<p>Hoy 26\/5 a las 17 hs. estaremos en &#8220;La Tarde est\u00e1 en Plenitud&#8221;-Arte y Cultura-, por la FM &#8220;Amadeus&#8221;, 91.1. desde Buenos Aires &#8211; Argentina.<\/p>\n\n\n\n<p>Muchas gracias&nbsp;<a href=\"https:\/\/www.facebook.com\/nora.nardo.566?__tn__=-]K*F\">Nora Nardo<\/a>&nbsp;por acompa\u00f1arnos desde el primer d\u00eda!<br>Los esperamos<\/p>\n\n\n\n<p>Equipo PTCA &#8211; AATC<br>10 A\u00d1OS&nbsp;<\/p>\n","protected":false},"excerpt":{"rendered":"<p>Seguimos trabajando en la difusi\u00f3n de nuestro deporte el Tenis para Ciegos y Disminuidos Visuales. Hoy 26\/5 a las 17 hs. estaremos en &#8220;La Tarde est\u00e1 en Plenitud&#8221;-Arte y Cultura-, por la FM &#8220;Amadeus&#8221;, 91.1. desde Buenos Aires &#8211; Argentina. Muchas gracias&nbsp;Nora Nardo&nbsp;por acompa\u00f1arnos desde el primer d\u00eda!Los esperamos Equipo PTCA &#8211; AATC10 A\u00d1OS&nbsp;<\/p>\n","protected":false},"author":2,"featured_media":1699,"comment_status":"open","ping_status":"open","sticky":false,"template":"","format":"standard","meta":[],"categories":[1],"tags":[],"_links":{"self":[{"href":"https:\/\/tenisparaciegos.ar\/ptca\/index.php?rest_route=\/wp\/v2\/posts\/1698"}],"collection":[{"href":"https:\/\/tenisparaciegos.ar\/ptca\/index.php?rest_route=\/wp\/v2\/posts"}],"about":[{"href":"https:\/\/tenisparaciegos.ar\/ptca\/index.php?rest_route=\/wp\/v2\/types\/post"}],"author":[{"embeddable":true,"href":"https:\/\/tenisparaciegos.ar\/ptca\/index.php?rest_route=\/wp\/v2\/users\/2"}],"replies":[{"embeddable":true,"href":"https:\/\/tenisparaciegos.ar\/ptca\/index.php?rest_route=%2Fwp%2Fv2%2Fcomments&post=1698"}],"version-history":[{"count":2,"href":"https:\/\/tenisparaciegos.ar\/ptca\/index.php?rest_route=\/wp\/v2\/posts\/1698\/revisions"}],"predecessor-version":[{"id":1701,"href":"https:\/\/tenisparaciegos.ar\/ptca\/index.php?rest_route=\/wp\/v2\/posts\/1698\/revisions\/1701"}],"wp:featuredmedia":[{"embeddable":true,"href":"https:\/\/tenisparaciegos.ar\/ptca\/index.php?rest_route=\/wp\/v2\/media\/1699"}],"wp:attachment":[{"href":"https:\/\/tenisparaciegos.ar\/ptca\/index.php?rest_route=%2Fwp%2Fv2%2Fmedia&parent=1698"}],"wp:term":[{"taxonomy":"category","embeddable":true,"href":"https:\/\/tenisparaciegos.ar\/ptca\/index.php?rest_route=%2Fwp%2Fv2%2Fcategories&post=1698"},{"taxonomy":"post_tag","embeddable":true,"href":"https:\/\/tenisparaciegos.ar\/ptca\/index.php?rest_route=%2Fwp%2Fv2%2Ftags&post=1698"}],"curies":[{"name":"wp","href":"https:\/\/api.w.org\/{rel}","templated":true}]}}