{"id":171,"date":"2014-10-10T20:30:05","date_gmt":"2014-10-10T20:30:05","guid":{"rendered":"http:\/\/www.tenisparaciegos.org\/wp\/?p=171"},"modified":"2021-05-11T19:41:16","modified_gmt":"2021-05-11T22:41:16","slug":"171","status":"publish","type":"post","link":"https:\/\/tenisparaciegos.ar\/ptca\/?p=171","title":{"rendered":"PTCArgentina en la Semana Guga Kuerten 2014"},"content":{"rendered":"<p>10-10-2014<\/p>\n<p>Un paso muy importante para la Asociaci\u00f3n Argentina de Tenis para Ciegos, nuestro programa el PTCArgentina viaja a Brasil para su presentaci\u00f3n en la Semana Guga Kuerten 2014!!!<\/p>\n<p><a title=\"Semana Guga Kuerten 2014\" href=\"https:\/\/www.flickr.com\/photos\/tenisparaciegos\/sets\/72157646427369414\/\" target=\"_blank\" rel=\"noopener\">Ver Galer\u00eda de Fotos<\/a><\/p>\n","protected":false},"excerpt":{"rendered":"<p>10-10-2014 Un paso muy importante para la Asociaci\u00f3n Argentina de Tenis para Ciegos, nuestro programa el PTCArgentina viaja a Brasil para su presentaci\u00f3n en la Semana Guga Kuerten 2014!!! Ver Galer\u00eda de Fotos<\/p>\n","protected":false},"author":2,"featured_media":0,"comment_status":"closed","ping_status":"open","sticky":false,"template":"","format":"standard","meta":[],"categories":[1],"tags":[],"_links":{"self":[{"href":"https:\/\/tenisparaciegos.ar\/ptca\/index.php?rest_route=\/wp\/v2\/posts\/171"}],"collection":[{"href":"https:\/\/tenisparaciegos.ar\/ptca\/index.php?rest_route=\/wp\/v2\/posts"}],"about":[{"href":"https:\/\/tenisparaciegos.ar\/ptca\/index.php?rest_route=\/wp\/v2\/types\/post"}],"author":[{"embeddable":true,"href":"https:\/\/tenisparaciegos.ar\/ptca\/index.php?rest_route=\/wp\/v2\/users\/2"}],"replies":[{"embeddable":true,"href":"https:\/\/tenisparaciegos.ar\/ptca\/index.php?rest_route=%2Fwp%2Fv2%2Fcomments&post=171"}],"version-history":[{"count":1,"href":"https:\/\/tenisparaciegos.ar\/ptca\/index.php?rest_route=\/wp\/v2\/posts\/171\/revisions"}],"predecessor-version":[{"id":1319,"href":"https:\/\/tenisparaciegos.ar\/ptca\/index.php?rest_route=\/wp\/v2\/posts\/171\/revisions\/1319"}],"wp:attachment":[{"href":"https:\/\/tenisparaciegos.ar\/ptca\/index.php?rest_route=%2Fwp%2Fv2%2Fmedia&parent=171"}],"wp:term":[{"taxonomy":"category","embeddable":true,"href":"https:\/\/tenisparaciegos.ar\/ptca\/index.php?rest_route=%2Fwp%2Fv2%2Fcategories&post=171"},{"taxonomy":"post_tag","embeddable":true,"href":"https:\/\/tenisparaciegos.ar\/ptca\/index.php?rest_route=%2Fwp%2Fv2%2Ftags&post=171"}],"curies":[{"name":"wp","href":"https:\/\/api.w.org\/{rel}","templated":true}]}}