{"id":178,"date":"2014-08-02T20:30:52","date_gmt":"2014-08-02T20:30:52","guid":{"rendered":"http:\/\/www.tenisparaciegos.org\/wp\/?p=178"},"modified":"2021-05-09T19:23:32","modified_gmt":"2021-05-09T22:23:32","slug":"alentando-a-los-murcielagos-en-el-cenard","status":"publish","type":"post","link":"https:\/\/tenisparaciegos.ar\/ptca\/?p=178","title":{"rendered":"Alentando a &#8220;Los Murci\u00e9lagos&#8221; en la previa del Mundial Jap\u00f3n 2014"},"content":{"rendered":"<p>02-08-2014<\/p>\n<p>Estuvimos\u00a0en el CENARD alentando a &#8220;Los Murci\u00e9lagos&#8221; en un partido amistoso con la selecci\u00f3n de Paraguay, previa del mundial de Jap\u00f3n 2014.<\/p>\n<p><a title=\"Alentando a Los Murci\u00e9lagos en el CENARD\" href=\"https:\/\/www.flickr.com\/photos\/tenisparaciegos\/sets\/72157646217471603\/\" target=\"_blank\" rel=\"noopener\">Ver Galer\u00eda de Fotos<\/a><\/p>\n","protected":false},"excerpt":{"rendered":"<p>02-08-2014 Estuvimos\u00a0en el CENARD alentando a &#8220;Los Murci\u00e9lagos&#8221; en un partido amistoso con la selecci\u00f3n de Paraguay, previa del mundial de Jap\u00f3n 2014. Ver Galer\u00eda de Fotos<\/p>\n","protected":false},"author":2,"featured_media":0,"comment_status":"closed","ping_status":"open","sticky":false,"template":"","format":"standard","meta":[],"categories":[1],"tags":[],"_links":{"self":[{"href":"https:\/\/tenisparaciegos.ar\/ptca\/index.php?rest_route=\/wp\/v2\/posts\/178"}],"collection":[{"href":"https:\/\/tenisparaciegos.ar\/ptca\/index.php?rest_route=\/wp\/v2\/posts"}],"about":[{"href":"https:\/\/tenisparaciegos.ar\/ptca\/index.php?rest_route=\/wp\/v2\/types\/post"}],"author":[{"embeddable":true,"href":"https:\/\/tenisparaciegos.ar\/ptca\/index.php?rest_route=\/wp\/v2\/users\/2"}],"replies":[{"embeddable":true,"href":"https:\/\/tenisparaciegos.ar\/ptca\/index.php?rest_route=%2Fwp%2Fv2%2Fcomments&post=178"}],"version-history":[{"count":1,"href":"https:\/\/tenisparaciegos.ar\/ptca\/index.php?rest_route=\/wp\/v2\/posts\/178\/revisions"}],"predecessor-version":[{"id":1321,"href":"https:\/\/tenisparaciegos.ar\/ptca\/index.php?rest_route=\/wp\/v2\/posts\/178\/revisions\/1321"}],"wp:attachment":[{"href":"https:\/\/tenisparaciegos.ar\/ptca\/index.php?rest_route=%2Fwp%2Fv2%2Fmedia&parent=178"}],"wp:term":[{"taxonomy":"category","embeddable":true,"href":"https:\/\/tenisparaciegos.ar\/ptca\/index.php?rest_route=%2Fwp%2Fv2%2Fcategories&post=178"},{"taxonomy":"post_tag","embeddable":true,"href":"https:\/\/tenisparaciegos.ar\/ptca\/index.php?rest_route=%2Fwp%2Fv2%2Ftags&post=178"}],"curies":[{"name":"wp","href":"https:\/\/api.w.org\/{rel}","templated":true}]}}