{"id":1780,"date":"2021-08-31T09:26:58","date_gmt":"2021-08-31T12:26:58","guid":{"rendered":"https:\/\/tenisparaciegos.ar\/ptca\/?p=1780"},"modified":"2021-08-31T09:26:59","modified_gmt":"2021-08-31T12:26:59","slug":"sociedad-argentina-de-oftalmologia","status":"publish","type":"post","link":"https:\/\/tenisparaciegos.ar\/ptca\/?p=1780","title":{"rendered":"SOCIEDAD ARGENTINA de OFTALMOLOG\u00cdA"},"content":{"rendered":"\n<p>GRAN NOTICIA!!! <\/p>\n\n\n\n<p>Otro GRAN paso hemos dado, nuestro trabajo lleg\u00f3 a la SOCIEDAD ARGENTINA de OFTALMOLOG\u00cdA. Esto permitir\u00e1 una apertura total, para que las personas con discapacidad visual se enteren de su nuevo deporte. Mucho trabajo y camino por recorrer JUNTOS.! <\/p>\n\n\n\n<p>GRACIAS por su generosidad. <\/p>\n\n\n\n<p>Prof. Eduardo Raffetto<\/p>\n\n\n\n<p>Equipo AATC &#8211; PTCA10 A\u00f1os<\/p>\n\n\n\n<p><strong><a href=\"https:\/\/www.flickr.com\/photos\/tenisparaciegos1\/albums\/72157719753291888\" data-type=\"URL\" data-id=\"https:\/\/www.flickr.com\/photos\/tenisparaciegos1\/albums\/72157719753291888\">Ver nota completa<\/a><\/strong><\/p>\n","protected":false},"excerpt":{"rendered":"<p>GRAN NOTICIA!!! Otro GRAN paso hemos dado, nuestro trabajo lleg\u00f3 a la SOCIEDAD ARGENTINA de OFTALMOLOG\u00cdA. Esto permitir\u00e1 una apertura total, para que las personas con discapacidad visual se enteren de su nuevo deporte. Mucho trabajo y camino por recorrer JUNTOS.! GRACIAS por su generosidad. Prof. Eduardo Raffetto Equipo AATC &#8211; PTCA10 A\u00f1os Ver nota\u2026 <span class=\"read-more\"><a href=\"https:\/\/tenisparaciegos.ar\/ptca\/?p=1780\">Read More &raquo;<\/a><\/span><\/p>\n","protected":false},"author":2,"featured_media":1781,"comment_status":"open","ping_status":"open","sticky":false,"template":"","format":"standard","meta":[],"categories":[1],"tags":[],"_links":{"self":[{"href":"https:\/\/tenisparaciegos.ar\/ptca\/index.php?rest_route=\/wp\/v2\/posts\/1780"}],"collection":[{"href":"https:\/\/tenisparaciegos.ar\/ptca\/index.php?rest_route=\/wp\/v2\/posts"}],"about":[{"href":"https:\/\/tenisparaciegos.ar\/ptca\/index.php?rest_route=\/wp\/v2\/types\/post"}],"author":[{"embeddable":true,"href":"https:\/\/tenisparaciegos.ar\/ptca\/index.php?rest_route=\/wp\/v2\/users\/2"}],"replies":[{"embeddable":true,"href":"https:\/\/tenisparaciegos.ar\/ptca\/index.php?rest_route=%2Fwp%2Fv2%2Fcomments&post=1780"}],"version-history":[{"count":1,"href":"https:\/\/tenisparaciegos.ar\/ptca\/index.php?rest_route=\/wp\/v2\/posts\/1780\/revisions"}],"predecessor-version":[{"id":1782,"href":"https:\/\/tenisparaciegos.ar\/ptca\/index.php?rest_route=\/wp\/v2\/posts\/1780\/revisions\/1782"}],"wp:featuredmedia":[{"embeddable":true,"href":"https:\/\/tenisparaciegos.ar\/ptca\/index.php?rest_route=\/wp\/v2\/media\/1781"}],"wp:attachment":[{"href":"https:\/\/tenisparaciegos.ar\/ptca\/index.php?rest_route=%2Fwp%2Fv2%2Fmedia&parent=1780"}],"wp:term":[{"taxonomy":"category","embeddable":true,"href":"https:\/\/tenisparaciegos.ar\/ptca\/index.php?rest_route=%2Fwp%2Fv2%2Fcategories&post=1780"},{"taxonomy":"post_tag","embeddable":true,"href":"https:\/\/tenisparaciegos.ar\/ptca\/index.php?rest_route=%2Fwp%2Fv2%2Ftags&post=1780"}],"curies":[{"name":"wp","href":"https:\/\/api.w.org\/{rel}","templated":true}]}}