{"id":1798,"date":"2021-10-11T23:01:18","date_gmt":"2021-10-12T02:01:18","guid":{"rendered":"https:\/\/tenisparaciegos.ar\/ptca\/?p=1798"},"modified":"2021-10-11T23:01:19","modified_gmt":"2021-10-12T02:01:19","slug":"un-gran-encuentro-en-viedma","status":"publish","type":"post","link":"https:\/\/tenisparaciegos.ar\/ptca\/?p=1798","title":{"rendered":"Un GRAN encuentro en Viedma!"},"content":{"rendered":"\n<h3 class=\"wp-block-heading\"> En el <a href=\"https:\/\/www.facebook.com\/EducacionFisicaViedma\/?__cft__[0]=AZX2pdFM7LLgQH-k2mb7D5WZK16N5sEqE6MDKieHQd1ZaHVlr5QC65M8Rg0LcUu5_FNi44raTLvKXyAnUwQtY0TMA2TppshACwJd1K_w3P-dGiCtc0L80x2dFdDt8GwnWYyLloRTKSgZc2SpRkzY1HePc3MNnCG_Y4foierbDtCxag&amp;__tn__=-UC%2CP-y-R\"><strong>Instituto de FDC en Educaci\u00f3n F\u00edsica Viedma<\/strong><\/a>\u00a0\u00a0\u00b7\u00a0<img decoding=\"async\" loading=\"lazy\" height=\"16\" width=\"16\" alt=\"\ud83c\udfbe\" src=\"https:\/\/static.xx.fbcdn.net\/images\/emoji.php\/v9\/tce\/1\/16\/1f3be.png\"> la Escuela de Tenis para Ciegos y Disminuidos Visuales de nuestra Instituci\u00f3n, particip\u00f3 una vez m\u00e1s este s\u00e1bado de un Encuentro donde referentes de APPROVI, Bah\u00eda Blanca y Luis Beltr\u00e1n compartieron una exitosa jornada de partidos de Tenis para Ciegos y Disminuidos Visuales. Felicitamos a todos los participantes, especialmente a Rub\u00e9n Petrucceli, ganador del encuentro!<\/h3>\n\n\n\n<p>Es muy f\u00e1cil hacer las cosas bien y con profesionalismo. FELICITACIONES!<\/p>\n","protected":false},"excerpt":{"rendered":"<p>En el Instituto de FDC en Educaci\u00f3n F\u00edsica Viedma\u00a0\u00a0\u00b7\u00a0 la Escuela de Tenis para Ciegos y Disminuidos Visuales de nuestra Instituci\u00f3n, particip\u00f3 una vez m\u00e1s este s\u00e1bado de un Encuentro donde referentes de APPROVI, Bah\u00eda Blanca y Luis Beltr\u00e1n compartieron una exitosa jornada de partidos de Tenis para Ciegos y Disminuidos Visuales. Felicitamos a todos\u2026 <span class=\"read-more\"><a href=\"https:\/\/tenisparaciegos.ar\/ptca\/?p=1798\">Read More &raquo;<\/a><\/span><\/p>\n","protected":false},"author":2,"featured_media":1799,"comment_status":"open","ping_status":"open","sticky":false,"template":"","format":"standard","meta":[],"categories":[1],"tags":[],"_links":{"self":[{"href":"https:\/\/tenisparaciegos.ar\/ptca\/index.php?rest_route=\/wp\/v2\/posts\/1798"}],"collection":[{"href":"https:\/\/tenisparaciegos.ar\/ptca\/index.php?rest_route=\/wp\/v2\/posts"}],"about":[{"href":"https:\/\/tenisparaciegos.ar\/ptca\/index.php?rest_route=\/wp\/v2\/types\/post"}],"author":[{"embeddable":true,"href":"https:\/\/tenisparaciegos.ar\/ptca\/index.php?rest_route=\/wp\/v2\/users\/2"}],"replies":[{"embeddable":true,"href":"https:\/\/tenisparaciegos.ar\/ptca\/index.php?rest_route=%2Fwp%2Fv2%2Fcomments&post=1798"}],"version-history":[{"count":1,"href":"https:\/\/tenisparaciegos.ar\/ptca\/index.php?rest_route=\/wp\/v2\/posts\/1798\/revisions"}],"predecessor-version":[{"id":1800,"href":"https:\/\/tenisparaciegos.ar\/ptca\/index.php?rest_route=\/wp\/v2\/posts\/1798\/revisions\/1800"}],"wp:featuredmedia":[{"embeddable":true,"href":"https:\/\/tenisparaciegos.ar\/ptca\/index.php?rest_route=\/wp\/v2\/media\/1799"}],"wp:attachment":[{"href":"https:\/\/tenisparaciegos.ar\/ptca\/index.php?rest_route=%2Fwp%2Fv2%2Fmedia&parent=1798"}],"wp:term":[{"taxonomy":"category","embeddable":true,"href":"https:\/\/tenisparaciegos.ar\/ptca\/index.php?rest_route=%2Fwp%2Fv2%2Fcategories&post=1798"},{"taxonomy":"post_tag","embeddable":true,"href":"https:\/\/tenisparaciegos.ar\/ptca\/index.php?rest_route=%2Fwp%2Fv2%2Ftags&post=1798"}],"curies":[{"name":"wp","href":"https:\/\/api.w.org\/{rel}","templated":true}]}}