{"id":1806,"date":"2021-10-11T23:23:49","date_gmt":"2021-10-12T02:23:49","guid":{"rendered":"https:\/\/tenisparaciegos.ar\/ptca\/?p=1806"},"modified":"2021-10-11T23:23:50","modified_gmt":"2021-10-12T02:23:50","slug":"programa-declarado-de-interes-social-y-deportivo","status":"publish","type":"post","link":"https:\/\/tenisparaciegos.ar\/ptca\/?p=1806","title":{"rendered":"Programa declarado de Inter\u00e9s Social y Deportivo"},"content":{"rendered":"\n<p><strong><span class=\"has-inline-color has-vivid-red-color\">Sab\u00edan?<\/span><\/strong> que el Programa <strong>PTCArgentina<\/strong> &#8211; Primer Programa de Ense\u00f1anza del Tenis para Ciegos y Disminuidos Visuales de Argentina, fue declarado de &#8221; Inter\u00e9s Social y Deportivo, por la Legislatura de la Ciudad de Buenos Aires por medio de la Declaraci\u00f3n N\u00b0 499\/2013&#8243; <\/p>\n\n\n\n<p>10 A\u00d1OS de TRABAJO ININTERRUMPIDOS! <\/p>\n\n\n\n<p><img decoding=\"async\" loading=\"lazy\" height=\"16\" width=\"16\" alt=\"\u2600\ufe0f\" src=\"https:\/\/static.xx.fbcdn.net\/images\/emoji.php\/v9\/t6d\/1\/16\/2600.png\"> Clases SIEMPRE gratuitas.!<\/p>\n\n\n\n<p>Equipo PTCA &#8211; AATC <\/p>\n\n\n\n<p>2011 &#8211; 2021 | <strong>10 A\u00d1OS<\/strong><\/p>\n","protected":false},"excerpt":{"rendered":"<p>Sab\u00edan? que el Programa PTCArgentina &#8211; Primer Programa de Ense\u00f1anza del Tenis para Ciegos y Disminuidos Visuales de Argentina, fue declarado de &#8221; Inter\u00e9s Social y Deportivo, por la Legislatura de la Ciudad de Buenos Aires por medio de la Declaraci\u00f3n N\u00b0 499\/2013&#8243; 10 A\u00d1OS de TRABAJO ININTERRUMPIDOS! Clases SIEMPRE gratuitas.! Equipo PTCA &#8211; AATC\u2026 <span class=\"read-more\"><a href=\"https:\/\/tenisparaciegos.ar\/ptca\/?p=1806\">Read More &raquo;<\/a><\/span><\/p>\n","protected":false},"author":2,"featured_media":1807,"comment_status":"open","ping_status":"open","sticky":false,"template":"","format":"standard","meta":[],"categories":[1],"tags":[],"_links":{"self":[{"href":"https:\/\/tenisparaciegos.ar\/ptca\/index.php?rest_route=\/wp\/v2\/posts\/1806"}],"collection":[{"href":"https:\/\/tenisparaciegos.ar\/ptca\/index.php?rest_route=\/wp\/v2\/posts"}],"about":[{"href":"https:\/\/tenisparaciegos.ar\/ptca\/index.php?rest_route=\/wp\/v2\/types\/post"}],"author":[{"embeddable":true,"href":"https:\/\/tenisparaciegos.ar\/ptca\/index.php?rest_route=\/wp\/v2\/users\/2"}],"replies":[{"embeddable":true,"href":"https:\/\/tenisparaciegos.ar\/ptca\/index.php?rest_route=%2Fwp%2Fv2%2Fcomments&post=1806"}],"version-history":[{"count":1,"href":"https:\/\/tenisparaciegos.ar\/ptca\/index.php?rest_route=\/wp\/v2\/posts\/1806\/revisions"}],"predecessor-version":[{"id":1808,"href":"https:\/\/tenisparaciegos.ar\/ptca\/index.php?rest_route=\/wp\/v2\/posts\/1806\/revisions\/1808"}],"wp:featuredmedia":[{"embeddable":true,"href":"https:\/\/tenisparaciegos.ar\/ptca\/index.php?rest_route=\/wp\/v2\/media\/1807"}],"wp:attachment":[{"href":"https:\/\/tenisparaciegos.ar\/ptca\/index.php?rest_route=%2Fwp%2Fv2%2Fmedia&parent=1806"}],"wp:term":[{"taxonomy":"category","embeddable":true,"href":"https:\/\/tenisparaciegos.ar\/ptca\/index.php?rest_route=%2Fwp%2Fv2%2Fcategories&post=1806"},{"taxonomy":"post_tag","embeddable":true,"href":"https:\/\/tenisparaciegos.ar\/ptca\/index.php?rest_route=%2Fwp%2Fv2%2Ftags&post=1806"}],"curies":[{"name":"wp","href":"https:\/\/api.w.org\/{rel}","templated":true}]}}