{"id":1809,"date":"2021-10-11T23:43:18","date_gmt":"2021-10-12T02:43:18","guid":{"rendered":"https:\/\/tenisparaciegos.ar\/ptca\/?p=1809"},"modified":"2021-10-11T23:43:19","modified_gmt":"2021-10-12T02:43:19","slug":"desarrollo-y-union","status":"publish","type":"post","link":"https:\/\/tenisparaciegos.ar\/ptca\/?p=1809","title":{"rendered":"DESARROLLO y UNI\u00d3N"},"content":{"rendered":"\n<p>DESARROLLO y UNI\u00d3N la formula que utilizamos desde el primer d\u00eda para crecer y crecer.! Ac\u00e1 le mostramos <strong>algunos<\/strong> logros de nuestros primeros <strong>10 A\u00d1OS<\/strong> de desarrollo. Trabajando a nivel nacional e internacional.<\/p>\n\n\n\n<p><img decoding=\"async\" loading=\"lazy\" height=\"16\" width=\"16\" alt=\"\ud83d\udccc\" src=\"https:\/\/static.xx.fbcdn.net\/images\/emoji.php\/v9\/tac\/1\/16\/1f4cc.png\"> Creaci\u00f3n del D\u00eda Nacional del Tenis para Ciegos.<\/p>\n\n\n\n<p><img decoding=\"async\" loading=\"lazy\" height=\"16\" width=\"16\" alt=\"\ud83d\udccc\" src=\"https:\/\/static.xx.fbcdn.net\/images\/emoji.php\/v9\/tac\/1\/16\/1f4cc.png\"> Capacitaci\u00f3n en las ciudades de Comodoro Rivadavia &#8211; Tandil &#8211; Posadas &#8211; Caba &#8211; Santiago del Estero &#8211; Viedma &#8211; Tres Arroyos. <\/p>\n\n\n\n<p><img decoding=\"async\" loading=\"lazy\" height=\"16\" width=\"16\" alt=\"\ud83d\udccc\" src=\"https:\/\/static.xx.fbcdn.net\/images\/emoji.php\/v9\/tac\/1\/16\/1f4cc.png\"> Organizaci\u00f3n del Primer y Segundo Torneo Nacional de Tenis para Ciegos en las ciudades Viedma y de Bariloche.<\/p>\n\n\n\n<p><img decoding=\"async\" loading=\"lazy\" height=\"16\" width=\"16\" alt=\"\ud83d\udccc\" src=\"https:\/\/static.xx.fbcdn.net\/images\/emoji.php\/v9\/tac\/1\/16\/1f4cc.png\"> Disertaci\u00f3n en el Congreso Mundial FIEP de Educaci\u00f3n F\u00edsica &#8211; Argentina.<\/p>\n\n\n\n<p><img decoding=\"async\" loading=\"lazy\" height=\"16\" width=\"16\" alt=\"\ud83d\udccc\" src=\"https:\/\/static.xx.fbcdn.net\/images\/emoji.php\/v9\/tac\/1\/16\/1f4cc.png\"> Presentes en el Primer Congreso Mundial de Tenis para Ciegos realizado en McAllen &#8211; Ciudad de Texas &#8211; Estados Unidos.<\/p>\n\n\n\n<p><img decoding=\"async\" loading=\"lazy\" height=\"16\" width=\"16\" alt=\"\ud83d\udccc\" src=\"https:\/\/static.xx.fbcdn.net\/images\/emoji.php\/v9\/tac\/1\/16\/1f4cc.png\"> Apoyo de <strong>Guillermo Vilas<\/strong> y Juan Martin del Potro a nuestro Programa de Ense\u00f1anza PTCArgentina.<\/p>\n\n\n\n<p><img decoding=\"async\" loading=\"lazy\" height=\"16\" width=\"16\" alt=\"\ud83d\udccc\" src=\"https:\/\/static.xx.fbcdn.net\/images\/emoji.php\/v9\/tac\/1\/16\/1f4cc.png\"> Primer profesor de Tenis para Ciegos de Sudam\u00e9rica en CAPACITARSE en Jap\u00f3n.<\/p>\n\n\n\n<p> <img decoding=\"async\" loading=\"lazy\" height=\"16\" width=\"16\" alt=\"\ud83d\udccc\" src=\"https:\/\/static.xx.fbcdn.net\/images\/emoji.php\/v9\/tac\/1\/16\/1f4cc.png\"> Primer Libro de Ense\u00f1anza del Tenis para Ciegos del MUNDO.<\/p>\n\n\n\n<p><img decoding=\"async\" loading=\"lazy\" height=\"16\" width=\"16\" alt=\"\u2600\ufe0f\" src=\"https:\/\/static.xx.fbcdn.net\/images\/emoji.php\/v9\/t6d\/1\/16\/2600.png\"> Actividad GRATUITA en TODAS las ESCUELAS.<\/p>\n\n\n\n<p>GRACIAS por acompa\u00f1arnos y VAMOS por MUCHO M\u00c1S!!!!<\/p>\n\n\n\n<p><img decoding=\"async\" loading=\"lazy\" height=\"16\" width=\"16\" alt=\"\ud83c\udf10\" src=\"https:\/\/static.xx.fbcdn.net\/images\/emoji.php\/v9\/taa\/1\/16\/1f310.png\"> Sitio OFICIAL: <a rel=\"noreferrer noopener\" href=\"https:\/\/l.facebook.com\/l.php?u=http%3A%2F%2Fwww.tenisparaciegos.ar%2F%3Ffbclid%3DIwAR3VyS2EKWzQI5PqXJDmN2pahB7geVELOR9BABKzWkVFEUCfIdN5vsGTE-4&amp;h=AT2ICsLwM41JSR9j3vEbN7RPlUKV2qC36af0L76pSh3DVcsTxkLixfJoLf61Ru73DqAKboNvMRfHEJZgcdyIjdsPb1ahY-k1VjNioPSa7Wwz3r7SmiWaFT6ebFh0xtAR&amp;__tn__=-UK-R&amp;c[0]=AT1IZOCBlIjpNfdslD3a9HbSCW3HbmfmqaZZeL25bP7JrYvPx4tyjrinNvgJL8Mr-qOx6ysSpC549_T9B7HQR3ntZ5Lw6BNf40Xb6KZfrbQ3DyUKGykWRdvF2rD7MbV4FYbaKE2czb6r_Q_Kp0g-YLYq9G8\" target=\"_blank\">www.tenisparaciegos.ar<\/a><\/p>\n\n\n\n<p>Prof. Eduardo Raffetto<\/p>\n\n\n\n<p>Equipo PTCA &#8211; AATC 2021<\/p>\n","protected":false},"excerpt":{"rendered":"<p>DESARROLLO y UNI\u00d3N la formula que utilizamos desde el primer d\u00eda para crecer y crecer.! Ac\u00e1 le mostramos algunos logros de nuestros primeros 10 A\u00d1OS de desarrollo. Trabajando a nivel nacional e internacional. Creaci\u00f3n del D\u00eda Nacional del Tenis para Ciegos. Capacitaci\u00f3n en las ciudades de Comodoro Rivadavia &#8211; Tandil &#8211; Posadas &#8211; Caba &#8211;\u2026 <span class=\"read-more\"><a href=\"https:\/\/tenisparaciegos.ar\/ptca\/?p=1809\">Read More &raquo;<\/a><\/span><\/p>\n","protected":false},"author":2,"featured_media":1810,"comment_status":"open","ping_status":"open","sticky":false,"template":"","format":"standard","meta":[],"categories":[1],"tags":[],"_links":{"self":[{"href":"https:\/\/tenisparaciegos.ar\/ptca\/index.php?rest_route=\/wp\/v2\/posts\/1809"}],"collection":[{"href":"https:\/\/tenisparaciegos.ar\/ptca\/index.php?rest_route=\/wp\/v2\/posts"}],"about":[{"href":"https:\/\/tenisparaciegos.ar\/ptca\/index.php?rest_route=\/wp\/v2\/types\/post"}],"author":[{"embeddable":true,"href":"https:\/\/tenisparaciegos.ar\/ptca\/index.php?rest_route=\/wp\/v2\/users\/2"}],"replies":[{"embeddable":true,"href":"https:\/\/tenisparaciegos.ar\/ptca\/index.php?rest_route=%2Fwp%2Fv2%2Fcomments&post=1809"}],"version-history":[{"count":1,"href":"https:\/\/tenisparaciegos.ar\/ptca\/index.php?rest_route=\/wp\/v2\/posts\/1809\/revisions"}],"predecessor-version":[{"id":1811,"href":"https:\/\/tenisparaciegos.ar\/ptca\/index.php?rest_route=\/wp\/v2\/posts\/1809\/revisions\/1811"}],"wp:featuredmedia":[{"embeddable":true,"href":"https:\/\/tenisparaciegos.ar\/ptca\/index.php?rest_route=\/wp\/v2\/media\/1810"}],"wp:attachment":[{"href":"https:\/\/tenisparaciegos.ar\/ptca\/index.php?rest_route=%2Fwp%2Fv2%2Fmedia&parent=1809"}],"wp:term":[{"taxonomy":"category","embeddable":true,"href":"https:\/\/tenisparaciegos.ar\/ptca\/index.php?rest_route=%2Fwp%2Fv2%2Fcategories&post=1809"},{"taxonomy":"post_tag","embeddable":true,"href":"https:\/\/tenisparaciegos.ar\/ptca\/index.php?rest_route=%2Fwp%2Fv2%2Ftags&post=1809"}],"curies":[{"name":"wp","href":"https:\/\/api.w.org\/{rel}","templated":true}]}}