{"id":184,"date":"2014-07-23T20:30:21","date_gmt":"2014-07-23T20:30:21","guid":{"rendered":"http:\/\/www.tenisparaciegos.org\/wp\/?p=184"},"modified":"2021-05-09T19:24:30","modified_gmt":"2021-05-09T22:24:30","slug":"visita-de-javier-frana-al-ptcargentina","status":"publish","type":"post","link":"https:\/\/tenisparaciegos.ar\/ptca\/?p=184","title":{"rendered":"Visita de Javier Frana al PTCArgentina"},"content":{"rendered":"<p>23-07-2014<\/p>\n<p>La visita de Javier Frana (ex-jugador profesional de tenis y actualmente comentarista de tenis de ESPN) al PTCArgentina nos honr\u00f3 y nos demostr\u00f3 que la humildad, el coraz\u00f3n grande y el profesionalismo es la mejor combinaci\u00f3n para el crecimiento.<\/p>\n<p><a title=\"Visita de Javier Frana\" href=\"https:\/\/www.flickr.com\/photos\/tenisparaciegos\/sets\/72157645637070020\/\" target=\"_blank\" rel=\"noopener\">Ver Galer\u00eda de Fotos<\/a><\/p>\n","protected":false},"excerpt":{"rendered":"<p>23-07-2014 La visita de Javier Frana (ex-jugador profesional de tenis y actualmente comentarista de tenis de ESPN) al PTCArgentina nos honr\u00f3 y nos demostr\u00f3 que la humildad, el coraz\u00f3n grande y el profesionalismo es la mejor combinaci\u00f3n para el crecimiento. Ver Galer\u00eda de Fotos<\/p>\n","protected":false},"author":2,"featured_media":0,"comment_status":"closed","ping_status":"open","sticky":false,"template":"","format":"standard","meta":[],"categories":[1],"tags":[],"_links":{"self":[{"href":"https:\/\/tenisparaciegos.ar\/ptca\/index.php?rest_route=\/wp\/v2\/posts\/184"}],"collection":[{"href":"https:\/\/tenisparaciegos.ar\/ptca\/index.php?rest_route=\/wp\/v2\/posts"}],"about":[{"href":"https:\/\/tenisparaciegos.ar\/ptca\/index.php?rest_route=\/wp\/v2\/types\/post"}],"author":[{"embeddable":true,"href":"https:\/\/tenisparaciegos.ar\/ptca\/index.php?rest_route=\/wp\/v2\/users\/2"}],"replies":[{"embeddable":true,"href":"https:\/\/tenisparaciegos.ar\/ptca\/index.php?rest_route=%2Fwp%2Fv2%2Fcomments&post=184"}],"version-history":[{"count":1,"href":"https:\/\/tenisparaciegos.ar\/ptca\/index.php?rest_route=\/wp\/v2\/posts\/184\/revisions"}],"predecessor-version":[{"id":1322,"href":"https:\/\/tenisparaciegos.ar\/ptca\/index.php?rest_route=\/wp\/v2\/posts\/184\/revisions\/1322"}],"wp:attachment":[{"href":"https:\/\/tenisparaciegos.ar\/ptca\/index.php?rest_route=%2Fwp%2Fv2%2Fmedia&parent=184"}],"wp:term":[{"taxonomy":"category","embeddable":true,"href":"https:\/\/tenisparaciegos.ar\/ptca\/index.php?rest_route=%2Fwp%2Fv2%2Fcategories&post=184"},{"taxonomy":"post_tag","embeddable":true,"href":"https:\/\/tenisparaciegos.ar\/ptca\/index.php?rest_route=%2Fwp%2Fv2%2Ftags&post=184"}],"curies":[{"name":"wp","href":"https:\/\/api.w.org\/{rel}","templated":true}]}}