{"id":1869,"date":"2022-02-27T09:11:27","date_gmt":"2022-02-27T12:11:27","guid":{"rendered":"https:\/\/tenisparaciegos.ar\/ptca\/?p=1869"},"modified":"2022-02-27T09:11:28","modified_gmt":"2022-02-27T12:11:28","slug":"conferencia-en-sudamerica","status":"publish","type":"post","link":"https:\/\/tenisparaciegos.ar\/ptca\/?p=1869","title":{"rendered":"Conferencia en Sudam\u00e9rica"},"content":{"rendered":"\n<p>Seguimos dando Conferencias en Sudam\u00e9rica sobre el Tenis para Ciegos. El 31.01.22 tuve el honor de estar junto a las autoridades y estudiantes de la Universidad de las Fuerzas Armadas de Ecuador. Una experiencia inolvidable y muy contento que se me valore por todo el trabajo realizado en \u00e9stos 11 a\u00f1os, los que nos permiti\u00f3 abrir un camino juntos para futuros proyectos entre Ecuador y Argentina sobre el @tenisparaciegos <\/p>\n\n\n\n<p>Gracias! Gracias!<\/p>\n\n\n\n<p>Prof. Eduardo Raffetto | Equipo AATC 2022<\/p>\n\n\n\n<figure class=\"wp-block-image size-full\"><img decoding=\"async\" loading=\"lazy\" width=\"960\" height=\"549\" src=\"https:\/\/tenisparaciegos.ar\/ptca\/wp-content\/uploads\/2022\/02\/272974782_10228625413446625_8571676766682660651_n.jpg\" alt=\"\" class=\"wp-image-1870\" srcset=\"https:\/\/tenisparaciegos.ar\/ptca\/wp-content\/uploads\/2022\/02\/272974782_10228625413446625_8571676766682660651_n.jpg 960w, https:\/\/tenisparaciegos.ar\/ptca\/wp-content\/uploads\/2022\/02\/272974782_10228625413446625_8571676766682660651_n-300x172.jpg 300w, https:\/\/tenisparaciegos.ar\/ptca\/wp-content\/uploads\/2022\/02\/272974782_10228625413446625_8571676766682660651_n-768x439.jpg 768w, https:\/\/tenisparaciegos.ar\/ptca\/wp-content\/uploads\/2022\/02\/272974782_10228625413446625_8571676766682660651_n-660x377.jpg 660w\" sizes=\"(max-width: 960px) 100vw, 960px\" \/><\/figure>\n","protected":false},"excerpt":{"rendered":"<p>Seguimos dando Conferencias en Sudam\u00e9rica sobre el Tenis para Ciegos. El 31.01.22 tuve el honor de estar junto a las autoridades y estudiantes de la Universidad de las Fuerzas Armadas de Ecuador. Una experiencia inolvidable y muy contento que se me valore por todo el trabajo realizado en \u00e9stos 11 a\u00f1os, los que nos permiti\u00f3\u2026 <span class=\"read-more\"><a href=\"https:\/\/tenisparaciegos.ar\/ptca\/?p=1869\">Read More &raquo;<\/a><\/span><\/p>\n","protected":false},"author":2,"featured_media":0,"comment_status":"open","ping_status":"open","sticky":false,"template":"","format":"standard","meta":[],"categories":[1],"tags":[],"_links":{"self":[{"href":"https:\/\/tenisparaciegos.ar\/ptca\/index.php?rest_route=\/wp\/v2\/posts\/1869"}],"collection":[{"href":"https:\/\/tenisparaciegos.ar\/ptca\/index.php?rest_route=\/wp\/v2\/posts"}],"about":[{"href":"https:\/\/tenisparaciegos.ar\/ptca\/index.php?rest_route=\/wp\/v2\/types\/post"}],"author":[{"embeddable":true,"href":"https:\/\/tenisparaciegos.ar\/ptca\/index.php?rest_route=\/wp\/v2\/users\/2"}],"replies":[{"embeddable":true,"href":"https:\/\/tenisparaciegos.ar\/ptca\/index.php?rest_route=%2Fwp%2Fv2%2Fcomments&post=1869"}],"version-history":[{"count":1,"href":"https:\/\/tenisparaciegos.ar\/ptca\/index.php?rest_route=\/wp\/v2\/posts\/1869\/revisions"}],"predecessor-version":[{"id":1871,"href":"https:\/\/tenisparaciegos.ar\/ptca\/index.php?rest_route=\/wp\/v2\/posts\/1869\/revisions\/1871"}],"wp:attachment":[{"href":"https:\/\/tenisparaciegos.ar\/ptca\/index.php?rest_route=%2Fwp%2Fv2%2Fmedia&parent=1869"}],"wp:term":[{"taxonomy":"category","embeddable":true,"href":"https:\/\/tenisparaciegos.ar\/ptca\/index.php?rest_route=%2Fwp%2Fv2%2Fcategories&post=1869"},{"taxonomy":"post_tag","embeddable":true,"href":"https:\/\/tenisparaciegos.ar\/ptca\/index.php?rest_route=%2Fwp%2Fv2%2Ftags&post=1869"}],"curies":[{"name":"wp","href":"https:\/\/api.w.org\/{rel}","templated":true}]}}