{"id":1914,"date":"2022-10-02T12:25:01","date_gmt":"2022-10-02T15:25:01","guid":{"rendered":"https:\/\/tenisparaciegos.ar\/ptca\/?p=1914"},"modified":"2022-10-02T12:25:02","modified_gmt":"2022-10-02T15:25:02","slug":"1914","status":"publish","type":"post","link":"https:\/\/tenisparaciegos.ar\/ptca\/?p=1914","title":{"rendered":""},"content":{"rendered":"\n<p><img decoding=\"async\" loading=\"lazy\" height=\"16\" width=\"16\" alt=\"\u2b55\ufe0f\" src=\"https:\/\/static.xx.fbcdn.net\/images\/emoji.php\/v9\/t39\/1\/16\/2b55.png\">\ufe0f NUEVA Capacitaci\u00f3n GRATUITA en TANDIL, Provincia de Buenos Aires, de Tenis para Ciegos y Disminuidos Visuales.<\/p>\n\n\n\n<p><img decoding=\"async\" loading=\"lazy\" height=\"16\" width=\"16\" alt=\"\ud83d\udfe2\" src=\"https:\/\/static.xx.fbcdn.net\/images\/emoji.php\/v9\/tfc\/1\/16\/1f7e2.png\"> D\u00eda <strong>14 de OCTUBRE<\/strong> | 16 hs.<img decoding=\"async\" loading=\"lazy\" height=\"16\" width=\"16\" alt=\"\ud83d\udfe1\" src=\"https:\/\/static.xx.fbcdn.net\/images\/emoji.php\/v9\/t7b\/1\/16\/1f7e1.png\">Inscripciones ABIERTAS!<\/p>\n\n\n\n<p><strong>Modalidad:<\/strong> Presencial.<\/p>\n\n\n\n<p><strong>Lugar: <\/strong>Instituto de Educaci\u00f3n Superior Tandil &#8211; Profesorado en Educaci\u00f3n F\u00edsica.<\/p>\n\n\n\n<p><strong>Direcci\u00f3n:<\/strong> Calle Richieri 598.<\/p>\n\n\n\n<p><strong>Destinatarios:<\/strong> Profesores de Educaci\u00f3n F\u00edsica &#8211; Profesores de Tenis &#8211; Personas que trabajan en el \u00c1rea de la Discapacidad Visual y Discapacidad en general &#8211; Personas que le interese la tem\u00e1tica.<\/p>\n\n\n\n<p><strong>Informes:<\/strong> +54.911.5407.7327<\/p>\n\n\n\n<p><strong>Capacitador: <\/strong>Profesor Eduardo Raffetto y equipo. CV: <a rel=\"noreferrer noopener\" href=\"https:\/\/l.facebook.com\/l.php?u=https%3A%2F%2Flinktr.ee%2Feduardoraffetto%3Ffbclid%3DIwAR1qdjiNth6bLrkkjcjiAorETnq78mhJE5Mks5mC4NxoaZjDPtPHY8Y4K3k&amp;h=AT3K08UVM5mW9UkVu_aSVVRi54dM4-QZfz1jgX8vEk3tsWrTHTPW502icOtKI4Ce0116jABoUHTSMD39UY-Bd9UMNTvHx5sGP3tnW7_gzYbLtzvIaYqaxFPMPvlwyy-LDw&amp;__tn__=-UK-R&amp;c[0]=AT2Md0qx5JkTxAN9zI3zgJQdcpr8ZdpqFyiI5UixEHnhuulu8z4LN4R-bmDb4E3SHoudB_CJIiv9WWCwggcdtXTYctZGV-QCNr8MZ72s-L1qpcvwvcuQ5XGxonw-ZHnJtl_bowixcrypZckEYK7hIGSiXK8NVtywo86AJi2WuEPI_NZz96PMdw\" target=\"_blank\">https:\/\/linktr.ee\/eduardoraffetto<\/a><\/p>\n\n\n\n<p><strong>Organiza:<\/strong> Asociaci\u00f3n Argentina de Tenis para Ciegos &#8211; Instituto Tandil &#8211; Apronovid Biblio Apronovid .<\/p>\n\n\n\n<p>SEGUIMOS trabajando para que \u00e9ste deporte sea bien FEDERAL.11 A\u00d1OS con el mismo sue\u00f1o.<\/p>\n\n\n\n<p><strong>Los ESPERAMOS!<\/strong><\/p>\n\n\n\n<p><\/p>\n","protected":false},"excerpt":{"rendered":"<p>\ufe0f NUEVA Capacitaci\u00f3n GRATUITA en TANDIL, Provincia de Buenos Aires, de Tenis para Ciegos y Disminuidos Visuales. D\u00eda 14 de OCTUBRE | 16 hs.Inscripciones ABIERTAS! Modalidad: Presencial. Lugar: Instituto de Educaci\u00f3n Superior Tandil &#8211; Profesorado en Educaci\u00f3n F\u00edsica. Direcci\u00f3n: Calle Richieri 598. Destinatarios: Profesores de Educaci\u00f3n F\u00edsica &#8211; Profesores de Tenis &#8211; Personas que trabajan\u2026 <span class=\"read-more\"><a href=\"https:\/\/tenisparaciegos.ar\/ptca\/?p=1914\">Read More &raquo;<\/a><\/span><\/p>\n","protected":false},"author":2,"featured_media":1915,"comment_status":"open","ping_status":"open","sticky":false,"template":"","format":"standard","meta":[],"categories":[1],"tags":[],"_links":{"self":[{"href":"https:\/\/tenisparaciegos.ar\/ptca\/index.php?rest_route=\/wp\/v2\/posts\/1914"}],"collection":[{"href":"https:\/\/tenisparaciegos.ar\/ptca\/index.php?rest_route=\/wp\/v2\/posts"}],"about":[{"href":"https:\/\/tenisparaciegos.ar\/ptca\/index.php?rest_route=\/wp\/v2\/types\/post"}],"author":[{"embeddable":true,"href":"https:\/\/tenisparaciegos.ar\/ptca\/index.php?rest_route=\/wp\/v2\/users\/2"}],"replies":[{"embeddable":true,"href":"https:\/\/tenisparaciegos.ar\/ptca\/index.php?rest_route=%2Fwp%2Fv2%2Fcomments&post=1914"}],"version-history":[{"count":1,"href":"https:\/\/tenisparaciegos.ar\/ptca\/index.php?rest_route=\/wp\/v2\/posts\/1914\/revisions"}],"predecessor-version":[{"id":1916,"href":"https:\/\/tenisparaciegos.ar\/ptca\/index.php?rest_route=\/wp\/v2\/posts\/1914\/revisions\/1916"}],"wp:featuredmedia":[{"embeddable":true,"href":"https:\/\/tenisparaciegos.ar\/ptca\/index.php?rest_route=\/wp\/v2\/media\/1915"}],"wp:attachment":[{"href":"https:\/\/tenisparaciegos.ar\/ptca\/index.php?rest_route=%2Fwp%2Fv2%2Fmedia&parent=1914"}],"wp:term":[{"taxonomy":"category","embeddable":true,"href":"https:\/\/tenisparaciegos.ar\/ptca\/index.php?rest_route=%2Fwp%2Fv2%2Fcategories&post=1914"},{"taxonomy":"post_tag","embeddable":true,"href":"https:\/\/tenisparaciegos.ar\/ptca\/index.php?rest_route=%2Fwp%2Fv2%2Ftags&post=1914"}],"curies":[{"name":"wp","href":"https:\/\/api.w.org\/{rel}","templated":true}]}}