{"id":1930,"date":"2022-11-24T21:10:38","date_gmt":"2022-11-25T00:10:38","guid":{"rendered":"https:\/\/tenisparaciegos.ar\/ptca\/?p=1930"},"modified":"2022-11-24T21:10:39","modified_gmt":"2022-11-25T00:10:39","slug":"curso-y-mucho-mas-en-tandil","status":"publish","type":"post","link":"https:\/\/tenisparaciegos.ar\/ptca\/?p=1930","title":{"rendered":"Curso y mucho m\u00e1s en TANDIL"},"content":{"rendered":"\n<p>VIVIMOS un momento so\u00f1ado en la ciudad de Tandil. Nuestra escuela de Tenis para Ciegos y Disminuidos Visuales lleg\u00f3 a EcoTV canal lider de \u00e9sta ciudad, donde junto a Juan Pablo Telechea, alumno y jugador ciego explicamos los proyectos del a\u00f1o 2023 y lo m\u00e1s importante relacionado con \u00e9ste deporte. <\/p>\n\n\n\n<p>Tambi\u00e9n tuve el honor de visitar Apronovid junto a su Presidente Am\u00edlcar Mendoza y Gustavo Aquiles miembro de la comisi\u00f3n directiva donde trabajaremos muy fuertemente en el nuevo a\u00f1o que se aproxima. <\/p>\n\n\n\n<p>Y cerrando un d\u00eda de mucho trabajo realizamos la \u00faltima etapa del curso de capacitaci\u00f3n donde en \u00e9stos d\u00edas ya tendremos el equipo de trabajo armado para el GRAN A\u00d1O 2023 que se viene. <\/p>\n\n\n\n<p>Muchas GRACIAS a Susana Beatriz Quintana, Juan Pina, Instituto Tandil, Apronovid Biblio Apronovid, Ana Cordoba, Nestor Santoyanni por SER parte de \u00c9STA GRAN escuela y a cada uno de ustedes por estar siempre presentes.<\/p>\n\n\n\n<p>Profesor Eduardo Raffetto<\/p>\n\n\n\n<p><strong>18.11.2022<\/strong><\/p>\n","protected":false},"excerpt":{"rendered":"<p>VIVIMOS un momento so\u00f1ado en la ciudad de Tandil. Nuestra escuela de Tenis para Ciegos y Disminuidos Visuales lleg\u00f3 a EcoTV canal lider de \u00e9sta ciudad, donde junto a Juan Pablo Telechea, alumno y jugador ciego explicamos los proyectos del a\u00f1o 2023 y lo m\u00e1s importante relacionado con \u00e9ste deporte. Tambi\u00e9n tuve el honor de\u2026 <span class=\"read-more\"><a href=\"https:\/\/tenisparaciegos.ar\/ptca\/?p=1930\">Read More &raquo;<\/a><\/span><\/p>\n","protected":false},"author":2,"featured_media":1931,"comment_status":"open","ping_status":"open","sticky":false,"template":"","format":"standard","meta":[],"categories":[1],"tags":[],"_links":{"self":[{"href":"https:\/\/tenisparaciegos.ar\/ptca\/index.php?rest_route=\/wp\/v2\/posts\/1930"}],"collection":[{"href":"https:\/\/tenisparaciegos.ar\/ptca\/index.php?rest_route=\/wp\/v2\/posts"}],"about":[{"href":"https:\/\/tenisparaciegos.ar\/ptca\/index.php?rest_route=\/wp\/v2\/types\/post"}],"author":[{"embeddable":true,"href":"https:\/\/tenisparaciegos.ar\/ptca\/index.php?rest_route=\/wp\/v2\/users\/2"}],"replies":[{"embeddable":true,"href":"https:\/\/tenisparaciegos.ar\/ptca\/index.php?rest_route=%2Fwp%2Fv2%2Fcomments&post=1930"}],"version-history":[{"count":1,"href":"https:\/\/tenisparaciegos.ar\/ptca\/index.php?rest_route=\/wp\/v2\/posts\/1930\/revisions"}],"predecessor-version":[{"id":1932,"href":"https:\/\/tenisparaciegos.ar\/ptca\/index.php?rest_route=\/wp\/v2\/posts\/1930\/revisions\/1932"}],"wp:featuredmedia":[{"embeddable":true,"href":"https:\/\/tenisparaciegos.ar\/ptca\/index.php?rest_route=\/wp\/v2\/media\/1931"}],"wp:attachment":[{"href":"https:\/\/tenisparaciegos.ar\/ptca\/index.php?rest_route=%2Fwp%2Fv2%2Fmedia&parent=1930"}],"wp:term":[{"taxonomy":"category","embeddable":true,"href":"https:\/\/tenisparaciegos.ar\/ptca\/index.php?rest_route=%2Fwp%2Fv2%2Fcategories&post=1930"},{"taxonomy":"post_tag","embeddable":true,"href":"https:\/\/tenisparaciegos.ar\/ptca\/index.php?rest_route=%2Fwp%2Fv2%2Ftags&post=1930"}],"curies":[{"name":"wp","href":"https:\/\/api.w.org\/{rel}","templated":true}]}}