{"id":1957,"date":"2023-07-21T12:58:36","date_gmt":"2023-07-21T15:58:36","guid":{"rendered":"https:\/\/tenisparaciegos.ar\/ptca\/?p=1957"},"modified":"2023-07-21T12:58:37","modified_gmt":"2023-07-21T15:58:37","slug":"escuela-de-tenis-para-ciegos-y-disminuidos-visuales-de-canuelas","status":"publish","type":"post","link":"https:\/\/tenisparaciegos.ar\/ptca\/?p=1957","title":{"rendered":"Escuela de Tenis para Ciegos y Disminuidos Visuales de Ca\u00f1uelas"},"content":{"rendered":"\n<p>Cada momento de nuestra escuela es \u00fanico.<\/p>\n\n\n\n<p>Disfrutamos las vacaciones de invierno trabajando con nuestros alumnos, uno de ellos es Lauti, disminuido visual, tiene 9 a\u00f1os, cada clase mejora en sus golpes y muy pronto nos va a dar grandes satisfacciones como jugador.<\/p>\n\n\n\n<p>Muchas gracias a Tamara su mam\u00e1 por el apoyo que nos da siempre, ya la consideramos parte nuestra, a nuestras alumnas y alumnos, a nuestra casa el club Juventud <a><\/a>Unida y en especial a su presidente Mauricio Petre que siempre est\u00e1 presente y a una persona muy especial a la intendenta de Ca\u00f1uelas la se\u00f1ora Marisa Fassi por su compromiso y valoraci\u00f3n por nuestro trabajo.<\/p>\n\n\n\n<p>Clases GRATUITAS siempre!<\/p>\n\n\n\n<p><img decoding=\"async\" loading=\"lazy\" height=\"16\" width=\"16\" alt=\"\ud83c\udf10\" src=\"https:\/\/static.xx.fbcdn.net\/images\/emoji.php\/v9\/taa\/1\/16\/1f310.png\"><a href=\"https:\/\/l.facebook.com\/l.php?u=http%3A%2F%2Fwww.tenisparaciegos.AR%2F%3Ffbclid%3DIwAR08tiAMf-KepD121_yMID8mk-evg5BqY3CBk-_og03oNBKhCRKF-1iMwkQ&amp;h=AT0EUTyPVwDrsNMG4qQBfM9WC0VcTCj6IWPq-CWfyzxli3-pyEVr66zKnQ6VkfDFkmld5VsYR5Bt6nkO9iG79Sj5Yho31t6nGvw_NNQZsEHSILXzvxyhrhD3HnQxeuua7yT_63ycRidFUf7drA&amp;__tn__=-UK-R&amp;c[0]=AT0EUHHBqovWrojnWlr3n28OL3SUbXkBkNSU_yXvAyy-co4wVhR6lKzgIcgnzMPw3LDIzBU3p5B2tpmP6c-E_R1r3WbvZP8mvHoeLRRJhdhY_hHFGded0eK7BcJsO3YYZPg7HTcF6dZY68n7HsnqiIFEk_htN5w1Hnxx-gVhIs_MqO-mNSnnGVEDU8x3BPm-Db_1h6jx6oxjpLo\" rel=\"noreferrer noopener\" target=\"_blank\">www.tenisparaciegos.AR<\/a><\/p>\n\n\n\n<p>19.07<\/p>\n","protected":false},"excerpt":{"rendered":"<p>Cada momento de nuestra escuela es \u00fanico. Disfrutamos las vacaciones de invierno trabajando con nuestros alumnos, uno de ellos es Lauti, disminuido visual, tiene 9 a\u00f1os, cada clase mejora en sus golpes y muy pronto nos va a dar grandes satisfacciones como jugador. Muchas gracias a Tamara su mam\u00e1 por el apoyo que nos da\u2026 <span class=\"read-more\"><a href=\"https:\/\/tenisparaciegos.ar\/ptca\/?p=1957\">Read More &raquo;<\/a><\/span><\/p>\n","protected":false},"author":2,"featured_media":1958,"comment_status":"open","ping_status":"open","sticky":false,"template":"","format":"standard","meta":[],"categories":[1],"tags":[],"_links":{"self":[{"href":"https:\/\/tenisparaciegos.ar\/ptca\/index.php?rest_route=\/wp\/v2\/posts\/1957"}],"collection":[{"href":"https:\/\/tenisparaciegos.ar\/ptca\/index.php?rest_route=\/wp\/v2\/posts"}],"about":[{"href":"https:\/\/tenisparaciegos.ar\/ptca\/index.php?rest_route=\/wp\/v2\/types\/post"}],"author":[{"embeddable":true,"href":"https:\/\/tenisparaciegos.ar\/ptca\/index.php?rest_route=\/wp\/v2\/users\/2"}],"replies":[{"embeddable":true,"href":"https:\/\/tenisparaciegos.ar\/ptca\/index.php?rest_route=%2Fwp%2Fv2%2Fcomments&post=1957"}],"version-history":[{"count":1,"href":"https:\/\/tenisparaciegos.ar\/ptca\/index.php?rest_route=\/wp\/v2\/posts\/1957\/revisions"}],"predecessor-version":[{"id":1959,"href":"https:\/\/tenisparaciegos.ar\/ptca\/index.php?rest_route=\/wp\/v2\/posts\/1957\/revisions\/1959"}],"wp:featuredmedia":[{"embeddable":true,"href":"https:\/\/tenisparaciegos.ar\/ptca\/index.php?rest_route=\/wp\/v2\/media\/1958"}],"wp:attachment":[{"href":"https:\/\/tenisparaciegos.ar\/ptca\/index.php?rest_route=%2Fwp%2Fv2%2Fmedia&parent=1957"}],"wp:term":[{"taxonomy":"category","embeddable":true,"href":"https:\/\/tenisparaciegos.ar\/ptca\/index.php?rest_route=%2Fwp%2Fv2%2Fcategories&post=1957"},{"taxonomy":"post_tag","embeddable":true,"href":"https:\/\/tenisparaciegos.ar\/ptca\/index.php?rest_route=%2Fwp%2Fv2%2Ftags&post=1957"}],"curies":[{"name":"wp","href":"https:\/\/api.w.org\/{rel}","templated":true}]}}