{"id":1978,"date":"2024-09-19T20:13:07","date_gmt":"2024-09-19T23:13:07","guid":{"rendered":"https:\/\/tenisparaciegos.ar\/ptca\/?p=1978"},"modified":"2024-09-19T20:16:40","modified_gmt":"2024-09-19T23:16:40","slug":"dia-nacional-del-tenis-para-ciegos","status":"publish","type":"post","link":"https:\/\/tenisparaciegos.ar\/ptca\/?p=1978","title":{"rendered":"D\u00eda Nacional del Tenis para Ciegos"},"content":{"rendered":"\n<p>Con sumo orgullo hoy 18 de Septiembre es el D\u00eda Nacional del Tenis para Ciegos, es la celebraci\u00f3n del nacimiento de la Asociaci\u00f3n Argentina de Tenis para Ciegos.<\/p>\n\n\n\n<p>13 A\u00d1OS ininterrumpidos de trabajo apuntado GRATUITAMENTE a todas las personas con discapacidad para que puedan jugar a un nuevo deporte&#8230; EL TENIS.<\/p>\n\n\n\n<p>GRACIAS GRACIAS GRACIAS cada uno de ustedes por acompa\u00f1arnos desde el d\u00eda uno.<\/p>\n\n\n\n<p>En <a><\/a>estos a\u00f1os pasaron muchas cosas, alegr\u00edas, desaf\u00edos cumplidos, desepciones muy fuertes (que hablaremos pr\u00f3ximamente) grandes aciertos, conocimos muchas personas hermosas, estos son algunos condimentos que nos llevan a decir que seguimos MAS FUERTES que nunca porque&#8230; hay mucho camino por recorrer.<\/p>\n\n\n\n<p>Festejemos TODOS juntos \u00e9ste gran logro.<\/p>\n\n\n\n<p>Asociaci\u00f3n Argentina de Tenis para Ciegos | PTCArgentina<\/p>\n\n\n\n<p>18.09.24<\/p>\n","protected":false},"excerpt":{"rendered":"<p>Con sumo orgullo hoy 18 de Septiembre es el D\u00eda Nacional del Tenis para Ciegos, es la celebraci\u00f3n del nacimiento de la Asociaci\u00f3n Argentina de Tenis para Ciegos. 13 A\u00d1OS ininterrumpidos de trabajo apuntado GRATUITAMENTE a todas las personas con discapacidad para que puedan jugar a un nuevo deporte&#8230; EL TENIS. GRACIAS GRACIAS GRACIAS cada\u2026 <span class=\"read-more\"><a href=\"https:\/\/tenisparaciegos.ar\/ptca\/?p=1978\">Read More &raquo;<\/a><\/span><\/p>\n","protected":false},"author":2,"featured_media":1980,"comment_status":"open","ping_status":"open","sticky":false,"template":"","format":"standard","meta":[],"categories":[3],"tags":[],"_links":{"self":[{"href":"https:\/\/tenisparaciegos.ar\/ptca\/index.php?rest_route=\/wp\/v2\/posts\/1978"}],"collection":[{"href":"https:\/\/tenisparaciegos.ar\/ptca\/index.php?rest_route=\/wp\/v2\/posts"}],"about":[{"href":"https:\/\/tenisparaciegos.ar\/ptca\/index.php?rest_route=\/wp\/v2\/types\/post"}],"author":[{"embeddable":true,"href":"https:\/\/tenisparaciegos.ar\/ptca\/index.php?rest_route=\/wp\/v2\/users\/2"}],"replies":[{"embeddable":true,"href":"https:\/\/tenisparaciegos.ar\/ptca\/index.php?rest_route=%2Fwp%2Fv2%2Fcomments&post=1978"}],"version-history":[{"count":1,"href":"https:\/\/tenisparaciegos.ar\/ptca\/index.php?rest_route=\/wp\/v2\/posts\/1978\/revisions"}],"predecessor-version":[{"id":1979,"href":"https:\/\/tenisparaciegos.ar\/ptca\/index.php?rest_route=\/wp\/v2\/posts\/1978\/revisions\/1979"}],"wp:featuredmedia":[{"embeddable":true,"href":"https:\/\/tenisparaciegos.ar\/ptca\/index.php?rest_route=\/wp\/v2\/media\/1980"}],"wp:attachment":[{"href":"https:\/\/tenisparaciegos.ar\/ptca\/index.php?rest_route=%2Fwp%2Fv2%2Fmedia&parent=1978"}],"wp:term":[{"taxonomy":"category","embeddable":true,"href":"https:\/\/tenisparaciegos.ar\/ptca\/index.php?rest_route=%2Fwp%2Fv2%2Fcategories&post=1978"},{"taxonomy":"post_tag","embeddable":true,"href":"https:\/\/tenisparaciegos.ar\/ptca\/index.php?rest_route=%2Fwp%2Fv2%2Ftags&post=1978"}],"curies":[{"name":"wp","href":"https:\/\/api.w.org\/{rel}","templated":true}]}}