{"id":1986,"date":"2024-11-26T11:54:37","date_gmt":"2024-11-26T14:54:37","guid":{"rendered":"https:\/\/tenisparaciegos.ar\/ptca\/?p=1986"},"modified":"2024-11-26T12:00:14","modified_gmt":"2024-11-26T15:00:14","slug":"se-vienen-las-capacitaciones-2025","status":"publish","type":"post","link":"https:\/\/tenisparaciegos.ar\/ptca\/?p=1986","title":{"rendered":"Se vienen las Capacitaciones 2025"},"content":{"rendered":"\n<p>13 a\u00f1os llevando el Tenis para Ciegos en el coraz\u00f3n, capacitando a nivel nacional e internacional.<\/p>\n\n\n\n<p>Valor adicional, ser la persona que lo trajo a la Argentina, y gracias a todos ustedes se viene un a\u00f1o 2025 con grandes cambios y con M\u00c1S capacitaciones, talleres y VUELVEN los vivos por IG.<\/p>\n\n\n\n<p>2025&#8230; ALL\u00c1 VAMOS.<\/p>\n\n\n\n<p><strong>Informes:<\/strong> +54.911.5407.7327<\/p>\n\n\n\n<p>Y\u00e1 <a><\/a>estamos trabajando&#8230;<\/p>\n\n\n\n<p>Buenos Aires | <img decoding=\"async\" loading=\"lazy\" height=\"16\" width=\"16\" alt=\"\ud83c\udde6\ud83c\uddf7\" src=\"https:\/\/static.xx.fbcdn.net\/images\/emoji.php\/v9\/t48\/1\/16\/1f1e6_1f1f7.png\"><\/p>\n\n\n\n<p>Noviembre 2024<\/p>\n\n\n\n<p>****************************************<\/p>\n\n\n\n<p>13 years carrying Tennis for the Blind in my heart, training nationally and internationally.<\/p>\n\n\n\n<p>Additional value, being the person who brought it to Argentina, and thanks to all of you a year 2025 is coming with great changes and with MORE trainings, workshops and the live by IG.<\/p>\n\n\n\n<p>2025&#8230; HERE WE GO.<\/p>\n\n\n\n<p>We are already working&#8230;<\/p>\n\n\n\n<p>Buenos Aires | <img decoding=\"async\" loading=\"lazy\" height=\"16\" width=\"16\" alt=\"\ud83c\udde6\ud83c\uddf7\" src=\"https:\/\/static.xx.fbcdn.net\/images\/emoji.php\/v9\/t48\/1\/16\/1f1e6_1f1f7.png\"><\/p>\n\n\n\n<p>November 2024<\/p>\n\n\n\n<p><a href=\"https:\/\/www.facebook.com\/ad_center\/create\/boostpost\/?entry_point=www_profile_plus_timeline&amp;page_id=1628997767332357&amp;target_id=1044101457726072&amp;__cft__[0]=AZXQewqnPoQvL0tfk0iSGwx93CEJytN2w0OcVKGVkOKO6mHjEtepPsUKLWLmOLgjNwca-4iCml1Y5itmbBaZn3RF-AqoEqKI3SvuhatDPYD7Ay-fG-NZZgZhqxyn67tDTSYYl5reFurZzo7QkFKhllz4Pa236LnbWtFLCxaFzhywJmY8fOCjsZQjOv8BjCZA9uk&amp;__tn__=*W-R\"><\/a><\/p>\n","protected":false},"excerpt":{"rendered":"<p>13 a\u00f1os llevando el Tenis para Ciegos en el coraz\u00f3n, capacitando a nivel nacional e internacional. Valor adicional, ser la persona que lo trajo a la Argentina, y gracias a todos ustedes se viene un a\u00f1o 2025 con grandes cambios y con M\u00c1S capacitaciones, talleres y VUELVEN los vivos por IG. 2025&#8230; ALL\u00c1 VAMOS. Informes:\u2026 <span class=\"read-more\"><a href=\"https:\/\/tenisparaciegos.ar\/ptca\/?p=1986\">Read More &raquo;<\/a><\/span><\/p>\n","protected":false},"author":2,"featured_media":1987,"comment_status":"open","ping_status":"open","sticky":false,"template":"","format":"standard","meta":[],"categories":[3],"tags":[8,6,9,12,13,11,5,10],"_links":{"self":[{"href":"https:\/\/tenisparaciegos.ar\/ptca\/index.php?rest_route=\/wp\/v2\/posts\/1986"}],"collection":[{"href":"https:\/\/tenisparaciegos.ar\/ptca\/index.php?rest_route=\/wp\/v2\/posts"}],"about":[{"href":"https:\/\/tenisparaciegos.ar\/ptca\/index.php?rest_route=\/wp\/v2\/types\/post"}],"author":[{"embeddable":true,"href":"https:\/\/tenisparaciegos.ar\/ptca\/index.php?rest_route=\/wp\/v2\/users\/2"}],"replies":[{"embeddable":true,"href":"https:\/\/tenisparaciegos.ar\/ptca\/index.php?rest_route=%2Fwp%2Fv2%2Fcomments&post=1986"}],"version-history":[{"count":2,"href":"https:\/\/tenisparaciegos.ar\/ptca\/index.php?rest_route=\/wp\/v2\/posts\/1986\/revisions"}],"predecessor-version":[{"id":1990,"href":"https:\/\/tenisparaciegos.ar\/ptca\/index.php?rest_route=\/wp\/v2\/posts\/1986\/revisions\/1990"}],"wp:featuredmedia":[{"embeddable":true,"href":"https:\/\/tenisparaciegos.ar\/ptca\/index.php?rest_route=\/wp\/v2\/media\/1987"}],"wp:attachment":[{"href":"https:\/\/tenisparaciegos.ar\/ptca\/index.php?rest_route=%2Fwp%2Fv2%2Fmedia&parent=1986"}],"wp:term":[{"taxonomy":"category","embeddable":true,"href":"https:\/\/tenisparaciegos.ar\/ptca\/index.php?rest_route=%2Fwp%2Fv2%2Fcategories&post=1986"},{"taxonomy":"post_tag","embeddable":true,"href":"https:\/\/tenisparaciegos.ar\/ptca\/index.php?rest_route=%2Fwp%2Fv2%2Ftags&post=1986"}],"curies":[{"name":"wp","href":"https:\/\/api.w.org\/{rel}","templated":true}]}}