{"id":461,"date":"2013-11-23T20:30:32","date_gmt":"2013-11-23T20:30:32","guid":{"rendered":"http:\/\/www.tenisparaciegos.org\/wp\/?p=461"},"modified":"2021-05-11T20:01:36","modified_gmt":"2021-05-11T23:01:36","slug":"ptca-en-la-despedida-de-david-nalbandian","status":"publish","type":"post","link":"https:\/\/tenisparaciegos.ar\/ptca\/?p=461","title":{"rendered":"PTCA en la Despedida de David Nalbandi\u00e1n"},"content":{"rendered":"<p>23-11-2013<\/p>\n<p>Programa de Tenis para Ciegos y Disminuidos Visuales de Argentina, PRESENTES en uno de los eventos m\u00e1s importantes del a\u00f1o para el tenis nacional, la despedida de David Nalbandi\u00e1n.<\/p>\n<p><a title=\"Despedida de David Nalbandi\u00e1n\" href=\"https:\/\/www.flickr.com\/photos\/tenisparaciegos\/sets\/72157642488116054\/\" target=\"_blank\" rel=\"noopener\">Ver Galer\u00eda de Fotos<\/a><\/p>\n","protected":false},"excerpt":{"rendered":"<p>23-11-2013 Programa de Tenis para Ciegos y Disminuidos Visuales de Argentina, PRESENTES en uno de los eventos m\u00e1s importantes del a\u00f1o para el tenis nacional, la despedida de David Nalbandi\u00e1n. Ver Galer\u00eda de Fotos<\/p>\n","protected":false},"author":2,"featured_media":0,"comment_status":"closed","ping_status":"open","sticky":false,"template":"","format":"standard","meta":[],"categories":[1],"tags":[],"_links":{"self":[{"href":"https:\/\/tenisparaciegos.ar\/ptca\/index.php?rest_route=\/wp\/v2\/posts\/461"}],"collection":[{"href":"https:\/\/tenisparaciegos.ar\/ptca\/index.php?rest_route=\/wp\/v2\/posts"}],"about":[{"href":"https:\/\/tenisparaciegos.ar\/ptca\/index.php?rest_route=\/wp\/v2\/types\/post"}],"author":[{"embeddable":true,"href":"https:\/\/tenisparaciegos.ar\/ptca\/index.php?rest_route=\/wp\/v2\/users\/2"}],"replies":[{"embeddable":true,"href":"https:\/\/tenisparaciegos.ar\/ptca\/index.php?rest_route=%2Fwp%2Fv2%2Fcomments&post=461"}],"version-history":[{"count":1,"href":"https:\/\/tenisparaciegos.ar\/ptca\/index.php?rest_route=\/wp\/v2\/posts\/461\/revisions"}],"predecessor-version":[{"id":1412,"href":"https:\/\/tenisparaciegos.ar\/ptca\/index.php?rest_route=\/wp\/v2\/posts\/461\/revisions\/1412"}],"wp:attachment":[{"href":"https:\/\/tenisparaciegos.ar\/ptca\/index.php?rest_route=%2Fwp%2Fv2%2Fmedia&parent=461"}],"wp:term":[{"taxonomy":"category","embeddable":true,"href":"https:\/\/tenisparaciegos.ar\/ptca\/index.php?rest_route=%2Fwp%2Fv2%2Fcategories&post=461"},{"taxonomy":"post_tag","embeddable":true,"href":"https:\/\/tenisparaciegos.ar\/ptca\/index.php?rest_route=%2Fwp%2Fv2%2Ftags&post=461"}],"curies":[{"name":"wp","href":"https:\/\/api.w.org\/{rel}","templated":true}]}}