{"id":467,"date":"2013-08-23T20:30:42","date_gmt":"2013-08-23T20:30:42","guid":{"rendered":"http:\/\/www.tenisparaciegos.org\/wp\/?p=467"},"modified":"2021-05-11T20:17:36","modified_gmt":"2021-05-11T23:17:36","slug":"presentacion-del-ptca-en-la-jornada-academica-salud-y-deporte","status":"publish","type":"post","link":"https:\/\/tenisparaciegos.ar\/ptca\/?p=467","title":{"rendered":"Presentaci\u00f3n del PTCA en la Jornada Acad\u00e9mica &#8220;Salud y Deporte&#8221;"},"content":{"rendered":"<p>23-08-2013<\/p>\n<p>Estuvimos presentando el &#8220;Programa de Tenis para Ciegos Argentina&#8221; invitados por el Director de Deportes, Recreaci\u00f3n y Turismo de CONADIS, el Sr. Daniel Haylan, en la Jornada Acad\u00e9mica &#8220;Salud y Deporte&#8221; organizada por el Departamento de Salud Comunitaria de la Universidad Nacional de Lan\u00fas.<\/p>\n<p><a title=\"Presentaci\u00f3n del PTCA en la Jornada Acad\u00e9mica &quot;Salud y Deporte&quot;\" href=\"https:\/\/www.flickr.com\/photos\/tenisparaciegos\/sets\/72157642949264173\/\" target=\"_blank\" rel=\"noopener\">Ver Galer\u00eda de Fotos<\/a><\/p>\n","protected":false},"excerpt":{"rendered":"<p>23-08-2013 Estuvimos presentando el &#8220;Programa de Tenis para Ciegos Argentina&#8221; invitados por el Director de Deportes, Recreaci\u00f3n y Turismo de CONADIS, el Sr. Daniel Haylan, en la Jornada Acad\u00e9mica &#8220;Salud y Deporte&#8221; organizada por el Departamento de Salud Comunitaria de la Universidad Nacional de Lan\u00fas. Ver Galer\u00eda de Fotos<\/p>\n","protected":false},"author":2,"featured_media":0,"comment_status":"closed","ping_status":"open","sticky":false,"template":"","format":"standard","meta":[],"categories":[1],"tags":[],"_links":{"self":[{"href":"https:\/\/tenisparaciegos.ar\/ptca\/index.php?rest_route=\/wp\/v2\/posts\/467"}],"collection":[{"href":"https:\/\/tenisparaciegos.ar\/ptca\/index.php?rest_route=\/wp\/v2\/posts"}],"about":[{"href":"https:\/\/tenisparaciegos.ar\/ptca\/index.php?rest_route=\/wp\/v2\/types\/post"}],"author":[{"embeddable":true,"href":"https:\/\/tenisparaciegos.ar\/ptca\/index.php?rest_route=\/wp\/v2\/users\/2"}],"replies":[{"embeddable":true,"href":"https:\/\/tenisparaciegos.ar\/ptca\/index.php?rest_route=%2Fwp%2Fv2%2Fcomments&post=467"}],"version-history":[{"count":1,"href":"https:\/\/tenisparaciegos.ar\/ptca\/index.php?rest_route=\/wp\/v2\/posts\/467\/revisions"}],"predecessor-version":[{"id":1424,"href":"https:\/\/tenisparaciegos.ar\/ptca\/index.php?rest_route=\/wp\/v2\/posts\/467\/revisions\/1424"}],"wp:attachment":[{"href":"https:\/\/tenisparaciegos.ar\/ptca\/index.php?rest_route=%2Fwp%2Fv2%2Fmedia&parent=467"}],"wp:term":[{"taxonomy":"category","embeddable":true,"href":"https:\/\/tenisparaciegos.ar\/ptca\/index.php?rest_route=%2Fwp%2Fv2%2Fcategories&post=467"},{"taxonomy":"post_tag","embeddable":true,"href":"https:\/\/tenisparaciegos.ar\/ptca\/index.php?rest_route=%2Fwp%2Fv2%2Ftags&post=467"}],"curies":[{"name":"wp","href":"https:\/\/api.w.org\/{rel}","templated":true}]}}