{"id":476,"date":"2013-05-14T20:30:29","date_gmt":"2013-05-14T20:30:29","guid":{"rendered":"http:\/\/www.tenisparaciegos.org\/wp\/?p=476"},"modified":"2021-05-11T20:25:58","modified_gmt":"2021-05-11T23:25:58","slug":"jornada-de-capacitacion-para-la-fundacion-miradas-de-esperanza","status":"publish","type":"post","link":"https:\/\/tenisparaciegos.ar\/ptca\/?p=476","title":{"rendered":"Jornada de Capacitaci\u00f3n para la Fundaci\u00f3n &#8220;Miradas de Esperanza&#8221; &#8211; M\u00e9xico"},"content":{"rendered":"<p>14-05-2013<\/p>\n<p>PTCA &#8211; Jornadas de capacitaci\u00f3n a los profesores y ni\u00f1os de la Fundaci\u00f3n Miradas de Esperanza \u2013 M\u00e9xico.<\/p>\n<p><a title=\"Jornada de Capacitaci\u00f3n para la Fundaci\u00f3n &quot;Miradas de Esperanza&quot;\" href=\"https:\/\/www.flickr.com\/photos\/tenisparaciegos\/sets\/72157642487490325\/\" target=\"_blank\" rel=\"noopener\">Ver Galer\u00eda de Fotos<\/a><\/p>\n","protected":false},"excerpt":{"rendered":"<p>14-05-2013 PTCA &#8211; Jornadas de capacitaci\u00f3n a los profesores y ni\u00f1os de la Fundaci\u00f3n Miradas de Esperanza \u2013 M\u00e9xico. Ver Galer\u00eda de Fotos<\/p>\n","protected":false},"author":2,"featured_media":0,"comment_status":"closed","ping_status":"open","sticky":false,"template":"","format":"standard","meta":[],"categories":[1],"tags":[],"_links":{"self":[{"href":"https:\/\/tenisparaciegos.ar\/ptca\/index.php?rest_route=\/wp\/v2\/posts\/476"}],"collection":[{"href":"https:\/\/tenisparaciegos.ar\/ptca\/index.php?rest_route=\/wp\/v2\/posts"}],"about":[{"href":"https:\/\/tenisparaciegos.ar\/ptca\/index.php?rest_route=\/wp\/v2\/types\/post"}],"author":[{"embeddable":true,"href":"https:\/\/tenisparaciegos.ar\/ptca\/index.php?rest_route=\/wp\/v2\/users\/2"}],"replies":[{"embeddable":true,"href":"https:\/\/tenisparaciegos.ar\/ptca\/index.php?rest_route=%2Fwp%2Fv2%2Fcomments&post=476"}],"version-history":[{"count":1,"href":"https:\/\/tenisparaciegos.ar\/ptca\/index.php?rest_route=\/wp\/v2\/posts\/476\/revisions"}],"predecessor-version":[{"id":1433,"href":"https:\/\/tenisparaciegos.ar\/ptca\/index.php?rest_route=\/wp\/v2\/posts\/476\/revisions\/1433"}],"wp:attachment":[{"href":"https:\/\/tenisparaciegos.ar\/ptca\/index.php?rest_route=%2Fwp%2Fv2%2Fmedia&parent=476"}],"wp:term":[{"taxonomy":"category","embeddable":true,"href":"https:\/\/tenisparaciegos.ar\/ptca\/index.php?rest_route=%2Fwp%2Fv2%2Fcategories&post=476"},{"taxonomy":"post_tag","embeddable":true,"href":"https:\/\/tenisparaciegos.ar\/ptca\/index.php?rest_route=%2Fwp%2Fv2%2Ftags&post=476"}],"curies":[{"name":"wp","href":"https:\/\/api.w.org\/{rel}","templated":true}]}}