{"id":541,"date":"2015-08-06T15:27:25","date_gmt":"2015-08-06T15:27:25","guid":{"rendered":"http:\/\/www.tenisparaciegos.org\/wp\/?p=541"},"modified":"2021-05-11T19:25:05","modified_gmt":"2021-05-11T22:25:05","slug":"el-ptcargentina-junto-al-equipo-sebio-de-copa-davis-16-07-2015","status":"publish","type":"post","link":"https:\/\/tenisparaciegos.ar\/ptca\/?p=541","title":{"rendered":"El PTCArgentina junto al equipo serbio de Copa Davis."},"content":{"rendered":"<p>16-07-2015 La serie de Copa Davis Argentina vs Serbia no la olvidaremos por mucho tiempo.<\/p>\n<p>Tuvimos el privilegio de estar compartiendo, mostrando y vivenciando junto al equipo serbio de Copa Davis nuestro trabajo y cumpliendo con el objetivo que el PTCArgentina llegue y lo conozcan en todo el mundo.&nbsp;<!--more--><\/p>\n<p>Viktor Troicki, Dusan Lajovic, acompa\u00f1ados por el capit\u00e1n Bogdan Obradovic y todo el equipo t\u00e9cnico de Serbia vivenciaron nuestro trabajo, abriendo un lazo que ellos mismos dijeron que&#8230; &#8221; e<span class=\"text_exposed_show\">sto ser\u00e1 el principio de un lazo lleno de emociones y objetivos a cumplir juntos&#8221;.<\/span><\/p>\n<div class=\"text_exposed_show\">\n<p>Un premio para el esfuerzo de nuestros alumnos y tambi\u00e9n para todo el equipo del PTCArgentina.<\/p>\n<p>Asociaci\u00f3n Argentina de Tenis para Ciegos<\/p>\n<p>Agradecemos enormemente la gesti\u00f3n de la Embajada de Serbia por permitirnos \u00e9ste encuentro internacional de ambas instituciones.<\/p>\n<p>Fotograf\u00eda: Leonardo Catania \/ Prensa Asociaci\u00f3n Argentina de Tenis para Ciegos<\/p>\n<\/div>\n","protected":false},"excerpt":{"rendered":"<p>16-07-2015 La serie de Copa Davis Argentina vs Serbia no la olvidaremos por mucho tiempo. Tuvimos el privilegio de estar compartiendo, mostrando y vivenciando junto al equipo serbio de Copa Davis nuestro trabajo y cumpliendo con el objetivo que el PTCArgentina llegue y lo conozcan en todo el mundo.&nbsp;<\/p>\n","protected":false},"author":2,"featured_media":0,"comment_status":"open","ping_status":"open","sticky":false,"template":"","format":"standard","meta":[],"categories":[1],"tags":[],"_links":{"self":[{"href":"https:\/\/tenisparaciegos.ar\/ptca\/index.php?rest_route=\/wp\/v2\/posts\/541"}],"collection":[{"href":"https:\/\/tenisparaciegos.ar\/ptca\/index.php?rest_route=\/wp\/v2\/posts"}],"about":[{"href":"https:\/\/tenisparaciegos.ar\/ptca\/index.php?rest_route=\/wp\/v2\/types\/post"}],"author":[{"embeddable":true,"href":"https:\/\/tenisparaciegos.ar\/ptca\/index.php?rest_route=\/wp\/v2\/users\/2"}],"replies":[{"embeddable":true,"href":"https:\/\/tenisparaciegos.ar\/ptca\/index.php?rest_route=%2Fwp%2Fv2%2Fcomments&post=541"}],"version-history":[{"count":2,"href":"https:\/\/tenisparaciegos.ar\/ptca\/index.php?rest_route=\/wp\/v2\/posts\/541\/revisions"}],"predecessor-version":[{"id":1394,"href":"https:\/\/tenisparaciegos.ar\/ptca\/index.php?rest_route=\/wp\/v2\/posts\/541\/revisions\/1394"}],"wp:attachment":[{"href":"https:\/\/tenisparaciegos.ar\/ptca\/index.php?rest_route=%2Fwp%2Fv2%2Fmedia&parent=541"}],"wp:term":[{"taxonomy":"category","embeddable":true,"href":"https:\/\/tenisparaciegos.ar\/ptca\/index.php?rest_route=%2Fwp%2Fv2%2Fcategories&post=541"},{"taxonomy":"post_tag","embeddable":true,"href":"https:\/\/tenisparaciegos.ar\/ptca\/index.php?rest_route=%2Fwp%2Fv2%2Ftags&post=541"}],"curies":[{"name":"wp","href":"https:\/\/api.w.org\/{rel}","templated":true}]}}