{"id":547,"date":"2015-08-06T15:37:44","date_gmt":"2015-08-06T15:37:44","guid":{"rendered":"http:\/\/www.tenisparaciegos.org\/wp\/?p=547"},"modified":"2021-05-11T19:23:19","modified_gmt":"2021-05-11T22:23:19","slug":"presentacion-del-programa-ptcargentina-en-la-fed-cup-argentina-vs-usa-febrero-2015","status":"publish","type":"post","link":"https:\/\/tenisparaciegos.ar\/ptca\/?p=547","title":{"rendered":"Presentaci\u00f3n del Programa PTCArgentina en la FED CUP Argentina vs. USA &#8211; Febrero 2015"},"content":{"rendered":"<p>03-02-2015 Un d\u00eda que quedar\u00e1 marcado a fuego&#8230;presentamos el programa PTCArgentina en Pilar\u00e1 Tenis Club &#8211; en el court central &#8211; sede donde se disputar\u00e1 el encuentro de la FED CUP ARGENTINA &#8211; ESTADOS UNIDOS.&nbsp;<!--more--><br \/>\nMuchas gracias a: Majo Gaidano &#8211; Paula Ormaechea &#8211; Mar\u00eda Irigoyen &#8211; Nadia Podoroska y Tati Bua, integrantes del equipo argentino por compartir nuestro trabajo y apoyarnos en nuestro camino.<br \/>\nMuchas gracias a nuestro equipo de profesores, voluntarios y jugadores: Gustavo Alonso &#8211; Andres Terrile &#8211; Rocio Zamora Sol\u00e9 &#8211; Flor Gaba &#8211; Silvia Salgueiro &#8211; Guillermo Ferreyra &#8211; Eduardo Gonz\u00e1lez y Franco Raffetto.<br \/>\nSeguimos creciendo&#8230;seguimos demostrando que&#8230;SE PUEDE!<\/p>\n","protected":false},"excerpt":{"rendered":"<p>03-02-2015 Un d\u00eda que quedar\u00e1 marcado a fuego&#8230;presentamos el programa PTCArgentina en Pilar\u00e1 Tenis Club &#8211; en el court central &#8211; sede donde se disputar\u00e1 el encuentro de la FED CUP ARGENTINA &#8211; ESTADOS UNIDOS.&nbsp;<\/p>\n","protected":false},"author":2,"featured_media":0,"comment_status":"closed","ping_status":"closed","sticky":false,"template":"","format":"standard","meta":[],"categories":[1],"tags":[],"_links":{"self":[{"href":"https:\/\/tenisparaciegos.ar\/ptca\/index.php?rest_route=\/wp\/v2\/posts\/547"}],"collection":[{"href":"https:\/\/tenisparaciegos.ar\/ptca\/index.php?rest_route=\/wp\/v2\/posts"}],"about":[{"href":"https:\/\/tenisparaciegos.ar\/ptca\/index.php?rest_route=\/wp\/v2\/types\/post"}],"author":[{"embeddable":true,"href":"https:\/\/tenisparaciegos.ar\/ptca\/index.php?rest_route=\/wp\/v2\/users\/2"}],"replies":[{"embeddable":true,"href":"https:\/\/tenisparaciegos.ar\/ptca\/index.php?rest_route=%2Fwp%2Fv2%2Fcomments&post=547"}],"version-history":[{"count":2,"href":"https:\/\/tenisparaciegos.ar\/ptca\/index.php?rest_route=\/wp\/v2\/posts\/547\/revisions"}],"predecessor-version":[{"id":1392,"href":"https:\/\/tenisparaciegos.ar\/ptca\/index.php?rest_route=\/wp\/v2\/posts\/547\/revisions\/1392"}],"wp:attachment":[{"href":"https:\/\/tenisparaciegos.ar\/ptca\/index.php?rest_route=%2Fwp%2Fv2%2Fmedia&parent=547"}],"wp:term":[{"taxonomy":"category","embeddable":true,"href":"https:\/\/tenisparaciegos.ar\/ptca\/index.php?rest_route=%2Fwp%2Fv2%2Fcategories&post=547"},{"taxonomy":"post_tag","embeddable":true,"href":"https:\/\/tenisparaciegos.ar\/ptca\/index.php?rest_route=%2Fwp%2Fv2%2Ftags&post=547"}],"curies":[{"name":"wp","href":"https:\/\/api.w.org\/{rel}","templated":true}]}}