{"id":553,"date":"2015-08-06T15:45:41","date_gmt":"2015-08-06T15:45:41","guid":{"rendered":"http:\/\/www.tenisparaciegos.org\/wp\/?p=553"},"modified":"2021-05-09T19:01:16","modified_gmt":"2021-05-09T22:01:16","slug":"evento-de-tenis-para-ciegos-en-el-rosedal-de-palermo-buenos-aires-argentina-junio-2015","status":"publish","type":"post","link":"https:\/\/tenisparaciegos.ar\/ptca\/?p=553","title":{"rendered":"Evento de Tenis para Ciegos en el Rosedal de Palermo &#8211; Buenos Aires &#8211; Argentina \/ Junio 2015"},"content":{"rendered":"<p>27-06-2015 Con un d\u00eda gris y fr\u00edo&#8230; hubo muchas ganas, con la lluvia&#8230;sali\u00f3 el sol, un d\u00eda dif\u00edcil&#8230;mucha gente que comparti\u00f3 el hermoso juego que es el tenis para ciegos y&#8230;GRACIAS a los alumnos presentes, equipo de trabajo y a mis seres m\u00e1s queridos!<\/p>\n<p>Siempre hay algo que aprender&#8230;cuando todo un equipo cree que algo es posible&#8230;todo se puede hacer&#8230;y por suerte m\u00e1s gente se est\u00e1 sumando a nuestro programa Ptcargentina.<\/p>\n","protected":false},"excerpt":{"rendered":"<p>27-06-2015 Con un d\u00eda gris y fr\u00edo&#8230; hubo muchas ganas, con la lluvia&#8230;sali\u00f3 el sol, un d\u00eda dif\u00edcil&#8230;mucha gente que comparti\u00f3 el hermoso juego que es el tenis para ciegos y&#8230;GRACIAS a los alumnos presentes, equipo de trabajo y a mis seres m\u00e1s queridos! Siempre hay algo que aprender&#8230;cuando todo un equipo cree que algo\u2026 <span class=\"read-more\"><a href=\"https:\/\/tenisparaciegos.ar\/ptca\/?p=553\">Read More &raquo;<\/a><\/span><\/p>\n","protected":false},"author":2,"featured_media":0,"comment_status":"closed","ping_status":"closed","sticky":false,"template":"","format":"standard","meta":[],"categories":[1],"tags":[],"_links":{"self":[{"href":"https:\/\/tenisparaciegos.ar\/ptca\/index.php?rest_route=\/wp\/v2\/posts\/553"}],"collection":[{"href":"https:\/\/tenisparaciegos.ar\/ptca\/index.php?rest_route=\/wp\/v2\/posts"}],"about":[{"href":"https:\/\/tenisparaciegos.ar\/ptca\/index.php?rest_route=\/wp\/v2\/types\/post"}],"author":[{"embeddable":true,"href":"https:\/\/tenisparaciegos.ar\/ptca\/index.php?rest_route=\/wp\/v2\/users\/2"}],"replies":[{"embeddable":true,"href":"https:\/\/tenisparaciegos.ar\/ptca\/index.php?rest_route=%2Fwp%2Fv2%2Fcomments&post=553"}],"version-history":[{"count":1,"href":"https:\/\/tenisparaciegos.ar\/ptca\/index.php?rest_route=\/wp\/v2\/posts\/553\/revisions"}],"predecessor-version":[{"id":1301,"href":"https:\/\/tenisparaciegos.ar\/ptca\/index.php?rest_route=\/wp\/v2\/posts\/553\/revisions\/1301"}],"wp:attachment":[{"href":"https:\/\/tenisparaciegos.ar\/ptca\/index.php?rest_route=%2Fwp%2Fv2%2Fmedia&parent=553"}],"wp:term":[{"taxonomy":"category","embeddable":true,"href":"https:\/\/tenisparaciegos.ar\/ptca\/index.php?rest_route=%2Fwp%2Fv2%2Fcategories&post=553"},{"taxonomy":"post_tag","embeddable":true,"href":"https:\/\/tenisparaciegos.ar\/ptca\/index.php?rest_route=%2Fwp%2Fv2%2Ftags&post=553"}],"curies":[{"name":"wp","href":"https:\/\/api.w.org\/{rel}","templated":true}]}}