{"id":641,"date":"2015-09-01T20:07:43","date_gmt":"2015-09-01T20:07:43","guid":{"rendered":"http:\/\/www.tenisparaciegos.org\/wp\/?p=641"},"modified":"2021-05-11T19:20:04","modified_gmt":"2021-05-11T22:20:04","slug":"presentacion-del-ptcargentina-en-el-club-atletico-boca-juniors","status":"publish","type":"post","link":"https:\/\/tenisparaciegos.ar\/ptca\/?p=641","title":{"rendered":"Presentaci\u00f3n del PTCArgentina en el Club Atl\u00e8tico Boca Juniors"},"content":{"rendered":"<p>Un 28 de Agosto va a quedar muy marcado en todos los que integramos el PTCArgentina.<br \/>\nEl club atl\u00e9tico Boca Juniors, nos abri\u00f3 las puertas para demostrar que jugar al tenis para ciegos se puede y de ahora en m\u00e1s nos apoyar\u00e1 para su difusi\u00f3n.<\/p>\n<p>Organizado por Boca Social, y en el armado del evento por <a href=\"http:\/\/paradeportes.com\/\" target=\"_blank\" rel=\"nofollow noopener\">Paradeportes.com<\/a> se llev\u00f3 a cabo un evento de inclusi\u00f3n social de primer nivel.<br \/>\nEstuvieron presentes apoyando dicho evento:<\/p>\n<div class=\"text_exposed_show\">\n<p>Gustavo Fernandez: Campe\u00f3n de dobles en silla de ruedas de Wimbledon 2015 y actual nro. 3 del Mundo<\/p>\n<p>Ezequiel Casco: Campe\u00f3n Paral\u00edmpico de tenis en silla de ruedas &#8211; Toronto 2015.<\/p>\n<p>Silvio Velo: Campe\u00f3n del mundo en futbol para ciegos, integrante del equipo de los Murcielagos<\/p>\n<p>Jos\u00e9 Mar\u00eda Valladares: Presidente del Comit\u00e9 Paral\u00edmpico Argentino<\/p>\n<p>Lucas Arnold: Ex jugador copa Davis<\/p>\n<p>Enzo Pagani: Presidente de Boca Social<\/p>\n<p>Un honor haber participado de \u00e9ste evento de inclusi\u00f3n social, y que \u00e9stos profesionales se hallan acercado para apoyar a nuestro programa.<\/p>\n<p>Equipo del PTCArgentina<\/p>\n<p>Prensa AATC &#8211; Leo Catania<\/p>\n<\/div>\n","protected":false},"excerpt":{"rendered":"<p>Un 28 de Agosto va a quedar muy marcado en todos los que integramos el PTCArgentina. El club atl\u00e9tico Boca Juniors, nos abri\u00f3 las puertas para demostrar que jugar al tenis para ciegos se puede y de ahora en m\u00e1s nos apoyar\u00e1 para su difusi\u00f3n. Organizado por Boca Social, y en el armado del evento\u2026 <span class=\"read-more\"><a href=\"https:\/\/tenisparaciegos.ar\/ptca\/?p=641\">Read More &raquo;<\/a><\/span><\/p>\n","protected":false},"author":2,"featured_media":0,"comment_status":"closed","ping_status":"closed","sticky":false,"template":"","format":"standard","meta":[],"categories":[1],"tags":[],"_links":{"self":[{"href":"https:\/\/tenisparaciegos.ar\/ptca\/index.php?rest_route=\/wp\/v2\/posts\/641"}],"collection":[{"href":"https:\/\/tenisparaciegos.ar\/ptca\/index.php?rest_route=\/wp\/v2\/posts"}],"about":[{"href":"https:\/\/tenisparaciegos.ar\/ptca\/index.php?rest_route=\/wp\/v2\/types\/post"}],"author":[{"embeddable":true,"href":"https:\/\/tenisparaciegos.ar\/ptca\/index.php?rest_route=\/wp\/v2\/users\/2"}],"replies":[{"embeddable":true,"href":"https:\/\/tenisparaciegos.ar\/ptca\/index.php?rest_route=%2Fwp%2Fv2%2Fcomments&post=641"}],"version-history":[{"count":1,"href":"https:\/\/tenisparaciegos.ar\/ptca\/index.php?rest_route=\/wp\/v2\/posts\/641\/revisions"}],"predecessor-version":[{"id":1298,"href":"https:\/\/tenisparaciegos.ar\/ptca\/index.php?rest_route=\/wp\/v2\/posts\/641\/revisions\/1298"}],"wp:attachment":[{"href":"https:\/\/tenisparaciegos.ar\/ptca\/index.php?rest_route=%2Fwp%2Fv2%2Fmedia&parent=641"}],"wp:term":[{"taxonomy":"category","embeddable":true,"href":"https:\/\/tenisparaciegos.ar\/ptca\/index.php?rest_route=%2Fwp%2Fv2%2Fcategories&post=641"},{"taxonomy":"post_tag","embeddable":true,"href":"https:\/\/tenisparaciegos.ar\/ptca\/index.php?rest_route=%2Fwp%2Fv2%2Ftags&post=641"}],"curies":[{"name":"wp","href":"https:\/\/api.w.org\/{rel}","templated":true}]}}