{"id":647,"date":"2015-09-14T13:53:24","date_gmt":"2015-09-14T13:53:24","guid":{"rendered":"http:\/\/www.tenisparaciegos.org\/wp\/?p=647"},"modified":"2021-05-11T19:19:22","modified_gmt":"2021-05-11T22:19:22","slug":"2-congreso-internacional-de-tenis-para-ciegos-italia-2015","status":"publish","type":"post","link":"https:\/\/tenisparaciegos.ar\/ptca\/?p=647","title":{"rendered":"2\u00b0 Congreso Internacional de Tenis para Ciegos. ITALIA 2015"},"content":{"rendered":"<p>Del 4 al 10 de septiembre se celebr\u00f2 en la localidad de Sacile, Italia el 2\u00ba Congreso Internacional de Tenis para CIegos, en el que intervinieron 13 paises.<br \/>\nArgentina &#8211; Australia &#8211; Reino Unido &#8211; USA &#8211; M\u00e8xico &#8211; Polonia &#8211; Turquia &#8211; Italia &#8211; Japon &#8211; Isla Mauricio &#8211; Espa\u00f1a &#8211; Francia y Singapur.<\/p>\n<p>Argentina marca historia al estar como pa\u00ecs fundador de la IBTA (Asociaci\u00f2n Internacional de Tenis para Ciegos) y demostr\u00f2 una vez m\u00e1s ser pionero y m\u00e1ximo exponente a nivel mundial.<\/p>\n<p>El PTCArgentina fue reconocido nuevamente ante el mundo como uno de los programas m\u00e1s importantes de ense\u00f1anza del tenis para ciegos.<\/p>\n<p>Vivimos experiencias, y compartimos las nuestras, conocimos excelentes personas que est\u00e0n en nuestro mismo camino y sobre todo estaremos fortaleciendo el tenis para ciegos a nivel mundial.<\/p>\n<p>Prof. Eduardo Raffetto<br \/>\nPresidente Asociaci\u00f3n Argentina de Tenis para Ciegos<br \/>\nDirector de Capacitaci\u00f3n y Desarrollo del PTCArgentina<\/p>\n","protected":false},"excerpt":{"rendered":"<p>Del 4 al 10 de septiembre se celebr\u00f2 en la localidad de Sacile, Italia el 2\u00ba Congreso Internacional de Tenis para CIegos, en el que intervinieron 13 paises. Argentina &#8211; Australia &#8211; Reino Unido &#8211; USA &#8211; M\u00e8xico &#8211; Polonia &#8211; Turquia &#8211; Italia &#8211; Japon &#8211; Isla Mauricio &#8211; Espa\u00f1a &#8211; Francia y Singapur.\u2026 <span class=\"read-more\"><a href=\"https:\/\/tenisparaciegos.ar\/ptca\/?p=647\">Read More &raquo;<\/a><\/span><\/p>\n","protected":false},"author":2,"featured_media":0,"comment_status":"open","ping_status":"open","sticky":false,"template":"","format":"standard","meta":[],"categories":[1],"tags":[],"_links":{"self":[{"href":"https:\/\/tenisparaciegos.ar\/ptca\/index.php?rest_route=\/wp\/v2\/posts\/647"}],"collection":[{"href":"https:\/\/tenisparaciegos.ar\/ptca\/index.php?rest_route=\/wp\/v2\/posts"}],"about":[{"href":"https:\/\/tenisparaciegos.ar\/ptca\/index.php?rest_route=\/wp\/v2\/types\/post"}],"author":[{"embeddable":true,"href":"https:\/\/tenisparaciegos.ar\/ptca\/index.php?rest_route=\/wp\/v2\/users\/2"}],"replies":[{"embeddable":true,"href":"https:\/\/tenisparaciegos.ar\/ptca\/index.php?rest_route=%2Fwp%2Fv2%2Fcomments&post=647"}],"version-history":[{"count":2,"href":"https:\/\/tenisparaciegos.ar\/ptca\/index.php?rest_route=\/wp\/v2\/posts\/647\/revisions"}],"predecessor-version":[{"id":1296,"href":"https:\/\/tenisparaciegos.ar\/ptca\/index.php?rest_route=\/wp\/v2\/posts\/647\/revisions\/1296"}],"wp:attachment":[{"href":"https:\/\/tenisparaciegos.ar\/ptca\/index.php?rest_route=%2Fwp%2Fv2%2Fmedia&parent=647"}],"wp:term":[{"taxonomy":"category","embeddable":true,"href":"https:\/\/tenisparaciegos.ar\/ptca\/index.php?rest_route=%2Fwp%2Fv2%2Fcategories&post=647"},{"taxonomy":"post_tag","embeddable":true,"href":"https:\/\/tenisparaciegos.ar\/ptca\/index.php?rest_route=%2Fwp%2Fv2%2Ftags&post=647"}],"curies":[{"name":"wp","href":"https:\/\/api.w.org\/{rel}","templated":true}]}}