{"id":653,"date":"2015-09-28T12:40:39","date_gmt":"2015-09-28T12:40:39","guid":{"rendered":"http:\/\/www.tenisparaciegos.org\/wp\/?p=653"},"modified":"2021-05-11T19:18:47","modified_gmt":"2021-05-11T22:18:47","slug":"dia-paralimpico-argentino-2015","status":"publish","type":"post","link":"https:\/\/tenisparaciegos.ar\/ptca\/?p=653","title":{"rendered":"D\u00eda Paralimpico Argentino &#8211; 2015"},"content":{"rendered":"<p>EL 27-09-2015 se celebr\u00f3 el D\u00eda Paralimpico Argentino, la Asociaci\u00f3n Argentina de Tenis para Ciegos estuvo presente en este evento tan importante.<\/p>\n<p>Una excelente organizaci\u00f3n del Comit\u00e9 Paralimpico Argentino &#8211; COPAR y estamos muy agradecidos por habernos invitado.<\/p>\n<p>Estuvimos con grandes amigos, vimos deportes incre\u00edbles y gente maravillosa.<\/p>\n<div class=\"text_exposed_show\">\n<p>Una jornada llena de emociones.<br \/>\nHasta el pr\u00f3ximo a\u00f1o.<\/p>\n<p>Programa de Desarrollo PTCArgentina<\/p>\n<\/div>\n","protected":false},"excerpt":{"rendered":"<p>EL 27-09-2015 se celebr\u00f3 el D\u00eda Paralimpico Argentino, la Asociaci\u00f3n Argentina de Tenis para Ciegos estuvo presente en este evento tan importante. Una excelente organizaci\u00f3n del Comit\u00e9 Paralimpico Argentino &#8211; COPAR y estamos muy agradecidos por habernos invitado. Estuvimos con grandes amigos, vimos deportes incre\u00edbles y gente maravillosa. Una jornada llena de emociones. Hasta el\u2026 <span class=\"read-more\"><a href=\"https:\/\/tenisparaciegos.ar\/ptca\/?p=653\">Read More &raquo;<\/a><\/span><\/p>\n","protected":false},"author":2,"featured_media":0,"comment_status":"open","ping_status":"open","sticky":false,"template":"","format":"standard","meta":[],"categories":[1],"tags":[],"_links":{"self":[{"href":"https:\/\/tenisparaciegos.ar\/ptca\/index.php?rest_route=\/wp\/v2\/posts\/653"}],"collection":[{"href":"https:\/\/tenisparaciegos.ar\/ptca\/index.php?rest_route=\/wp\/v2\/posts"}],"about":[{"href":"https:\/\/tenisparaciegos.ar\/ptca\/index.php?rest_route=\/wp\/v2\/types\/post"}],"author":[{"embeddable":true,"href":"https:\/\/tenisparaciegos.ar\/ptca\/index.php?rest_route=\/wp\/v2\/users\/2"}],"replies":[{"embeddable":true,"href":"https:\/\/tenisparaciegos.ar\/ptca\/index.php?rest_route=%2Fwp%2Fv2%2Fcomments&post=653"}],"version-history":[{"count":1,"href":"https:\/\/tenisparaciegos.ar\/ptca\/index.php?rest_route=\/wp\/v2\/posts\/653\/revisions"}],"predecessor-version":[{"id":1295,"href":"https:\/\/tenisparaciegos.ar\/ptca\/index.php?rest_route=\/wp\/v2\/posts\/653\/revisions\/1295"}],"wp:attachment":[{"href":"https:\/\/tenisparaciegos.ar\/ptca\/index.php?rest_route=%2Fwp%2Fv2%2Fmedia&parent=653"}],"wp:term":[{"taxonomy":"category","embeddable":true,"href":"https:\/\/tenisparaciegos.ar\/ptca\/index.php?rest_route=%2Fwp%2Fv2%2Fcategories&post=653"},{"taxonomy":"post_tag","embeddable":true,"href":"https:\/\/tenisparaciegos.ar\/ptca\/index.php?rest_route=%2Fwp%2Fv2%2Ftags&post=653"}],"curies":[{"name":"wp","href":"https:\/\/api.w.org\/{rel}","templated":true}]}}