{"id":667,"date":"2015-11-18T13:13:52","date_gmt":"2015-11-18T13:13:52","guid":{"rendered":"http:\/\/www.tenisparaciegos.org\/wp\/?p=667"},"modified":"2021-05-09T18:50:39","modified_gmt":"2021-05-09T21:50:39","slug":"la-aatc-en-la-categoria-ongs-recibio-el-premio-distinciones-rsc-2015-responsabilidad-social-comunicativa","status":"publish","type":"post","link":"https:\/\/tenisparaciegos.ar\/ptca\/?p=667","title":{"rendered":"La AATC en la categor\u00eda ONGs, recibi\u00f2 el premio: Distinciones RSC 2015 &#8211; Responsabilidad Social Comunicativa."},"content":{"rendered":"<p>Una enorme alegr\u00eda.<br \/>\nLa Asociaci\u00f3n Argentina de Tenis para Ciegos gan\u00f3 en la categor\u00eda ONGs, recibiendo el premio: Distinciones RSC 2015 &#8211; Responsabilidad Social Comunicativa.<\/p>\n<p>Se lo dedicamos a todos nuestros alumnos, equipo y a todas las personas que de una manera u otra nos apoyan en forma afectiva y efectiva.<\/p>\n<div class=\"text_exposed_show\">\n<p>Muchas gracias!<br \/>\nProf. Eduardo Raffetto<\/p>\n<p>Director de Capacitaci\u00f3n y Desarrollo del PTCArgentina.<\/p>\n<p>Presidente Asociaci\u00f3n Argentina de Tenis para Ciegos<\/p>\n<\/div>\n","protected":false},"excerpt":{"rendered":"<p>Una enorme alegr\u00eda. La Asociaci\u00f3n Argentina de Tenis para Ciegos gan\u00f3 en la categor\u00eda ONGs, recibiendo el premio: Distinciones RSC 2015 &#8211; Responsabilidad Social Comunicativa. Se lo dedicamos a todos nuestros alumnos, equipo y a todas las personas que de una manera u otra nos apoyan en forma afectiva y efectiva. Muchas gracias! Prof. Eduardo\u2026 <span class=\"read-more\"><a href=\"https:\/\/tenisparaciegos.ar\/ptca\/?p=667\">Read More &raquo;<\/a><\/span><\/p>\n","protected":false},"author":2,"featured_media":0,"comment_status":"open","ping_status":"open","sticky":false,"template":"","format":"standard","meta":[],"categories":[1],"tags":[],"_links":{"self":[{"href":"https:\/\/tenisparaciegos.ar\/ptca\/index.php?rest_route=\/wp\/v2\/posts\/667"}],"collection":[{"href":"https:\/\/tenisparaciegos.ar\/ptca\/index.php?rest_route=\/wp\/v2\/posts"}],"about":[{"href":"https:\/\/tenisparaciegos.ar\/ptca\/index.php?rest_route=\/wp\/v2\/types\/post"}],"author":[{"embeddable":true,"href":"https:\/\/tenisparaciegos.ar\/ptca\/index.php?rest_route=\/wp\/v2\/users\/2"}],"replies":[{"embeddable":true,"href":"https:\/\/tenisparaciegos.ar\/ptca\/index.php?rest_route=%2Fwp%2Fv2%2Fcomments&post=667"}],"version-history":[{"count":1,"href":"https:\/\/tenisparaciegos.ar\/ptca\/index.php?rest_route=\/wp\/v2\/posts\/667\/revisions"}],"predecessor-version":[{"id":1291,"href":"https:\/\/tenisparaciegos.ar\/ptca\/index.php?rest_route=\/wp\/v2\/posts\/667\/revisions\/1291"}],"wp:attachment":[{"href":"https:\/\/tenisparaciegos.ar\/ptca\/index.php?rest_route=%2Fwp%2Fv2%2Fmedia&parent=667"}],"wp:term":[{"taxonomy":"category","embeddable":true,"href":"https:\/\/tenisparaciegos.ar\/ptca\/index.php?rest_route=%2Fwp%2Fv2%2Fcategories&post=667"},{"taxonomy":"post_tag","embeddable":true,"href":"https:\/\/tenisparaciegos.ar\/ptca\/index.php?rest_route=%2Fwp%2Fv2%2Ftags&post=667"}],"curies":[{"name":"wp","href":"https:\/\/api.w.org\/{rel}","templated":true}]}}